{"id":194707,"date":"2026-03-03T14:35:36","date_gmt":"2026-03-03T20:35:36","guid":{"rendered":"https:\/\/canal7slp.tv\/2026\/?p=194707"},"modified":"2026-03-03T14:35:36","modified_gmt":"2026-03-03T20:35:36","slug":"casa-blanca-respalda-ataque-a-iran-y-eleva-tension-en-medio-oriente","status":"publish","type":"post","link":"https:\/\/canal7slp.tv\/2026\/casa-blanca-respalda-ataque-a-iran-y-eleva-tension-en-medio-oriente\/","title":{"rendered":"Casa Blanca respalda ataque a Ir\u00e1n y eleva tensi\u00f3n en Medio Oriente"},"content":{"rendered":"<p style=\"text-align: justify;\">EEUU.- El presidente de Estados Unidos, Donald Trump, defendi\u00f3 el ataque militar contra Ir\u00e1n al calificarlo como una acci\u00f3n preventiva, al asegurar que Teher\u00e1n estaba \u201ca punto de atacar primero\u201d.<\/p>\n<p style=\"text-align: justify;\">Durante un encuentro en la Casa Blanca con el canciller alem\u00e1n Friedrich Merz, Trump afirm\u00f3 que, desde su perspectiva, si Washington no actuaba, Ir\u00e1n habr\u00eda lanzado una ofensiva.<\/p>\n<p style=\"text-align: justify;\">\u201cEst\u00e1bamos manteniendo negociaciones con estos lun\u00e1ticos y, en mi opini\u00f3n, iban a atacar primero. Si no lo hac\u00edamos nosotros, ellos iban a atacar primero\u201d, declar\u00f3 el mandatario en referencia a las conversaciones mediadas por Om\u00e1n para limitar el programa nuclear iran\u00ed.<\/p>\n<p style=\"text-align: justify;\">Al ser cuestionado sobre una posible presi\u00f3n de Israel para iniciar la guerra, Trump insinu\u00f3 que fue \u00e9l quien decidi\u00f3 adelantarse ante el curso de las negociaciones.<\/p>\n<p style=\"text-align: justify;\">\u201cQuiz\u00e1 fui yo el que forz\u00f3 la mano de Israel, pero Israel estaba preparado\u201d, sostuvo.<\/p>\n<p style=\"text-align: justify;\">Por su parte, Ir\u00e1n neg\u00f3 estar preparando un ataque contra Estados Unidos, pese a que la administraci\u00f3n estadounidense ha insistido en que la operaci\u00f3n fue preventiva ante un inminente escenario de confrontaci\u00f3n regional.<\/p>\n<p style=\"text-align: justify;\">Trump asegur\u00f3 que las Fuerzas Armadas estadounidenses destruyeron la defensa a\u00e9rea, la Fuerza A\u00e9rea, la Armada y parte del liderazgo iran\u00ed durante los ataques iniciales.<\/p>\n<p style=\"text-align: justify;\">La operaci\u00f3n, iniciada el s\u00e1bado en coordinaci\u00f3n con Israel, dej\u00f3 como saldo la muerte del l\u00edder supremo iran\u00ed, el ayatol\u00e1 Ali Jamene\u00ed, adem\u00e1s de otros altos mandos y cientos de v\u00edctimas.<\/p>\n<p style=\"text-align: justify;\">Desde el comienzo de la ofensiva, al menos seis militares estadounidenses han fallecido.<\/p>\n<p style=\"text-align: justify;\">En represalia, Teher\u00e1n lanz\u00f3 ataques a\u00e9reos contra Israel y contra pa\u00edses de la regi\u00f3n que albergan bases militares estadounidenses, entre ellos:<\/p>\n<ul>\n<li style=\"text-align: justify;\">Kuwait<\/li>\n<li style=\"text-align: justify;\">Bar\u00e9in<\/li>\n<li style=\"text-align: justify;\">Catar<\/li>\n<li style=\"text-align: justify;\">Arabia Saud\u00ed<\/li>\n<li style=\"text-align: justify;\">Emiratos \u00c1rabes Unidos<\/li>\n<\/ul>\n<p style=\"text-align: justify;\">Trump concluy\u00f3 afirmando que Ir\u00e1n estar\u00eda dispuesto a negociar; sin embargo, advirti\u00f3 que, tras la destrucci\u00f3n de sus capacidades militares, para Teher\u00e1n ser\u00eda \u201cmuy tarde\u201d para entablar un di\u00e1logo en condiciones favorables.<\/p>\n","protected":false},"excerpt":{"rendered":"<p>EEUU.- El presidente de Estados Unidos, Donald Trump, defendi\u00f3 el ataque militar contra Ir\u00e1n al calificarlo como una acci\u00f3n preventiva, al asegurar que Teher\u00e1n estaba \u201ca punto de atacar primero\u201d. Durante un encuentro en la Casa Blanca con el canciller alem\u00e1n Friedrich Merz, Trump afirm\u00f3 que, desde su perspectiva, si Washington no actuaba, Ir\u00e1n habr\u00eda lanzado una ofensiva. \u201cEst\u00e1bamos manteniendo negociaciones con estos lun\u00e1ticos y, en mi opini\u00f3n, iban a atacar primero. Si no lo hac\u00edamos nosotros, ellos iban a atacar primero\u201d, declar\u00f3 el mandatario en referencia a las conversaciones mediadas por Om\u00e1n para limitar el programa nuclear iran\u00ed. Al [&hellip;]<\/p>\n","protected":false},"author":2,"featured_media":194708,"comment_status":"closed","ping_status":"closed","sticky":false,"template":"","format":"standard","meta":{"_monsterinsights_skip_tracking":false,"_monsterinsights_sitenote_active":false,"_monsterinsights_sitenote_note":"","_monsterinsights_sitenote_category":0,"footnotes":""},"categories":[44],"tags":[],"class_list":["post-194707","post","type-post","status-publish","format-standard","has-post-thumbnail","hentry","category-internacional","post--single"],"_links":{"self":[{"href":"https:\/\/canal7slp.tv\/2026\/wp-json\/wp\/v2\/posts\/194707","targetHints":{"allow":["GET"]}}],"collection":[{"href":"https:\/\/canal7slp.tv\/2026\/wp-json\/wp\/v2\/posts"}],"about":[{"href":"https:\/\/canal7slp.tv\/2026\/wp-json\/wp\/v2\/types\/post"}],"author":[{"embeddable":true,"href":"https:\/\/canal7slp.tv\/2026\/wp-json\/wp\/v2\/users\/2"}],"replies":[{"embeddable":true,"href":"https:\/\/canal7slp.tv\/2026\/wp-json\/wp\/v2\/comments?post=194707"}],"version-history":[{"count":1,"href":"https:\/\/canal7slp.tv\/2026\/wp-json\/wp\/v2\/posts\/194707\/revisions"}],"predecessor-version":[{"id":194709,"href":"https:\/\/canal7slp.tv\/2026\/wp-json\/wp\/v2\/posts\/194707\/revisions\/194709"}],"wp:featuredmedia":[{"embeddable":true,"href":"https:\/\/canal7slp.tv\/2026\/wp-json\/wp\/v2\/media\/194708"}],"wp:attachment":[{"href":"https:\/\/canal7slp.tv\/2026\/wp-json\/wp\/v2\/media?parent=194707"}],"wp:term":[{"taxonomy":"category","embeddable":true,"href":"https:\/\/canal7slp.tv\/2026\/wp-json\/wp\/v2\/categories?post=194707"},{"taxonomy":"post_tag","embeddable":true,"href":"https:\/\/canal7slp.tv\/2026\/wp-json\/wp\/v2\/tags?post=194707"}],"curies":[{"name":"wp","href":"https:\/\/api.w.org\/{rel}","templated":true}]}}