{"id":194704,"date":"2026-03-03T14:27:05","date_gmt":"2026-03-03T20:27:05","guid":{"rendered":"https:\/\/canal7slp.tv\/2026\/?p=194704"},"modified":"2026-03-03T15:09:14","modified_gmt":"2026-03-03T21:09:14","slug":"mas-de-200-vehiculos-afectados-tras-la-muerte-de-el-mencho-canacar","status":"publish","type":"post","link":"https:\/\/canal7slp.tv\/2026\/mas-de-200-vehiculos-afectados-tras-la-muerte-de-el-mencho-canacar\/","title":{"rendered":"M\u00e1s de 200 veh\u00edculos afectados tras la muerte de \u00abEl Mencho\u00bb: CANACAR"},"content":{"rendered":"<p style=\"text-align: justify;\">M\u00e9xico.- El presidente de la C\u00e1mara Nacional del Autotransporte de Carga (Canacar), Augusto Ramos Melo, inform\u00f3 que la reacci\u00f3n criminal derivada del operativo militar del pasado 22 de febrero, que culmin\u00f3 con la muerte de Nemesio Oseguera Cervantes, alias \u201cEl Mencho\u201d, dej\u00f3 al menos 200 veh\u00edculos de carga atacados, importantes p\u00e9rdidas econ\u00f3micas, as\u00ed como dos operadores fallecidos y otros desaparecidos.<\/p>\n<p style=\"text-align: justify;\">Durante un evento de asunci\u00f3n de liderazgo, Ramos Melo detall\u00f3 que m\u00e1s de 200 unidades fueron quemadas o da\u00f1adas en los d\u00edas posteriores al operativo.<\/p>\n<p style=\"text-align: justify;\">Explic\u00f3 que las p\u00e9rdidas econ\u00f3micas a\u00fan no han sido cuantificadas en su totalidad, debido a que, al tratarse de actos de vandalismo, las aseguradoras no cubren este tipo de siniestros, lo que agrava la situaci\u00f3n financiera del sector.<\/p>\n<p style=\"text-align: justify;\">A\u00f1adi\u00f3 que todav\u00eda falta integrar el valor de las mercanc\u00edas que eran transportadas en los tractocamiones afectados.<\/p>\n<p style=\"text-align: justify;\">El dirigente precis\u00f3 que el recuento corresponde a datos recopilados por Canacar, incluyendo tanto a socios como a no socios, ya que la c\u00e1mara busca representar a todo el gremio.<\/p>\n<p style=\"text-align: justify;\">Aunque algunos medios han reportado cifras m\u00e1s elevadas, Ramos Melo subray\u00f3 que su obligaci\u00f3n es proporcionar datos debidamente sustentados.<\/p>\n<p style=\"text-align: justify;\">Por su parte, la Asociaci\u00f3n Mexicana de Instituciones de Seguros (AMIS) report\u00f3 el robo de 631 veh\u00edculos en todo el pa\u00eds en el contexto de la ola de violencia generada tras el operativo.<\/p>\n<p style=\"text-align: justify;\">Canacar confirm\u00f3 el fallecimiento de dos operadores afiliados en Jalisco. Sobre el n\u00famero de desaparecidos, el dirigente indic\u00f3 que a\u00fan no existe una cifra consolidada debido a que se trata de informaci\u00f3n sensible.<\/p>\n<p style=\"text-align: justify;\">El mayor impacto se concentr\u00f3 en el corredor del occidente y el Baj\u00edo, particularmente en:<\/p>\n<ul style=\"text-align: justify;\">\n<li>Jalisco<\/li>\n<li>Colima<\/li>\n<li>Michoac\u00e1n<\/li>\n<li>Guanajuato<\/li>\n<\/ul>\n<p style=\"text-align: justify;\">Estas entidades concentraron el 80 % de los siniestros contra veh\u00edculos de carga.<\/p>\n<p style=\"text-align: justify;\">El nuevo presidente de Canacar afirm\u00f3 que la seguridad ser\u00e1 un eje central de su gesti\u00f3n. Se\u00f1al\u00f3 que buscar\u00e1 cuantificar con mayor precisi\u00f3n los da\u00f1os para integrarlos en carpetas de investigaci\u00f3n y promover su judicializaci\u00f3n, con el objetivo de reducir la impunidad.<\/p>\n<p style=\"text-align: justify;\">Asimismo, rechaz\u00f3 la posibilidad de convocar a bloqueos o paros nacionales, y propuso en su lugar establecer mesas de trabajo con autoridades para atender la crisis.<\/p>\n<p style=\"text-align: justify;\">El Gobierno de M\u00e9xico report\u00f3 que los enfrentamientos del 22 de febrero dejaron 25 elementos de la Guardia Nacional y m\u00e1s de 30 integrantes del C\u00e1rtel Nueva Generaci\u00f3n fallecidos, principalmente en Jalisco.<\/p>\n<p style=\"text-align: justify;\">Adem\u00e1s, se registraron cortes carreteros y da\u00f1os a gasolineras, veh\u00edculos y comercios.<\/p>\n<p style=\"text-align: justify;\">Nemesio Oseguera Cervantes, de 59 a\u00f1os, era considerado uno de los criminales m\u00e1s buscados, con una recompensa millonaria ofrecida por informaci\u00f3n que condujera a su captura.<\/p>\n","protected":false},"excerpt":{"rendered":"<p>M\u00e9xico.- El presidente de la C\u00e1mara Nacional del Autotransporte de Carga (Canacar), Augusto Ramos Melo, inform\u00f3 que la reacci\u00f3n criminal derivada del operativo militar del pasado 22 de febrero, que culmin\u00f3 con la muerte de Nemesio Oseguera Cervantes, alias \u201cEl Mencho\u201d, dej\u00f3 al menos 200 veh\u00edculos de carga atacados, importantes p\u00e9rdidas econ\u00f3micas, as\u00ed como dos operadores fallecidos y otros desaparecidos. Durante un evento de asunci\u00f3n de liderazgo, Ramos Melo detall\u00f3 que m\u00e1s de 200 unidades fueron quemadas o da\u00f1adas en los d\u00edas posteriores al operativo. Explic\u00f3 que las p\u00e9rdidas econ\u00f3micas a\u00fan no han sido cuantificadas en su totalidad, debido a [&hellip;]<\/p>\n","protected":false},"author":2,"featured_media":194705,"comment_status":"closed","ping_status":"closed","sticky":false,"template":"","format":"standard","meta":{"_monsterinsights_skip_tracking":false,"_monsterinsights_sitenote_active":false,"_monsterinsights_sitenote_note":"","_monsterinsights_sitenote_category":0,"footnotes":""},"categories":[46],"tags":[],"class_list":["post-194704","post","type-post","status-publish","format-standard","has-post-thumbnail","hentry","category-nacional","post--single"],"_links":{"self":[{"href":"https:\/\/canal7slp.tv\/2026\/wp-json\/wp\/v2\/posts\/194704","targetHints":{"allow":["GET"]}}],"collection":[{"href":"https:\/\/canal7slp.tv\/2026\/wp-json\/wp\/v2\/posts"}],"about":[{"href":"https:\/\/canal7slp.tv\/2026\/wp-json\/wp\/v2\/types\/post"}],"author":[{"embeddable":true,"href":"https:\/\/canal7slp.tv\/2026\/wp-json\/wp\/v2\/users\/2"}],"replies":[{"embeddable":true,"href":"https:\/\/canal7slp.tv\/2026\/wp-json\/wp\/v2\/comments?post=194704"}],"version-history":[{"count":1,"href":"https:\/\/canal7slp.tv\/2026\/wp-json\/wp\/v2\/posts\/194704\/revisions"}],"predecessor-version":[{"id":194706,"href":"https:\/\/canal7slp.tv\/2026\/wp-json\/wp\/v2\/posts\/194704\/revisions\/194706"}],"wp:featuredmedia":[{"embeddable":true,"href":"https:\/\/canal7slp.tv\/2026\/wp-json\/wp\/v2\/media\/194705"}],"wp:attachment":[{"href":"https:\/\/canal7slp.tv\/2026\/wp-json\/wp\/v2\/media?parent=194704"}],"wp:term":[{"taxonomy":"category","embeddable":true,"href":"https:\/\/canal7slp.tv\/2026\/wp-json\/wp\/v2\/categories?post=194704"},{"taxonomy":"post_tag","embeddable":true,"href":"https:\/\/canal7slp.tv\/2026\/wp-json\/wp\/v2\/tags?post=194704"}],"curies":[{"name":"wp","href":"https:\/\/api.w.org\/{rel}","templated":true}]}}