{"id":194701,"date":"2026-03-03T14:20:31","date_gmt":"2026-03-03T20:20:31","guid":{"rendered":"https:\/\/canal7slp.tv\/2026\/?p=194701"},"modified":"2026-03-03T14:20:31","modified_gmt":"2026-03-03T20:20:31","slug":"iran-se-declara-listo-para-la-guerra-con-eua-e-israel","status":"publish","type":"post","link":"https:\/\/canal7slp.tv\/2026\/iran-se-declara-listo-para-la-guerra-con-eua-e-israel\/","title":{"rendered":"Ir\u00e1n se declara listo para la guerra con EUA e Israel"},"content":{"rendered":"<p style=\"text-align: justify;\">Ginebra.- El embajador de Ir\u00e1n ante la ONU, Ali Bahreini, afirm\u00f3 en Ginebra que su pa\u00eds est\u00e1 plenamente consciente de la posibilidad de un conflicto con Estados Unidos e Israel, y que se ha estado preparando para ese escenario desde hace tiempo.<\/p>\n<p style=\"text-align: justify;\">Durante una rueda de prensa, el diplom\u00e1tico sostuvo que Teher\u00e1n cuenta con las medidas necesarias para enfrentar cualquier eventualidad.<\/p>\n<p style=\"text-align: justify;\">\u201cDesde hace mucho tiempo ten\u00edamos informaci\u00f3n s\u00f3lida sobre una posible guerra contra nuestro pa\u00eds, incluso mientras se desarrollaban negociaciones\u201d, declar\u00f3.<\/p>\n<p style=\"text-align: justify;\">Seg\u00fan explic\u00f3, la diplomacia iran\u00ed habr\u00eda advertido a las fuerzas militares no confiar plenamente en el \u00e9xito de las conversaciones y mantenerse listas ante cualquier desenlace.<\/p>\n<p style=\"text-align: justify;\">Bahreini cuestion\u00f3 la decisi\u00f3n del primer ministro israel\u00ed, Benjamin Netanyahu, de influir en el presidente estadounidense, Donald Trump, para impulsar un supuesto ataque coordinado, calificando la acci\u00f3n de \u201ctotalmente absurda\u201d.<\/p>\n<p style=\"text-align: justify;\">El embajador asegur\u00f3 que Ir\u00e1n mantiene el control de la situaci\u00f3n y del rumbo del conflicto.<\/p>\n<p style=\"text-align: justify;\">Asimismo, neg\u00f3 que exista un vac\u00edo de poder en Ir\u00e1n tras la muerte del l\u00edder supremo, el ayatol\u00e1 Al\u00ed Jamene\u00ed, ocurrida en uno de los primeros ataques del 28 de febrero.<\/p>\n<p style=\"text-align: justify;\">Bahreini afirm\u00f3 que la estructura pol\u00edtica del pa\u00eds es s\u00f3lida y record\u00f3 que en el pasado la muerte de altos mandos no afect\u00f3 las capacidades defensivas iran\u00edes.<\/p>\n<p style=\"text-align: justify;\">El diplom\u00e1tico tambi\u00e9n descart\u00f3 una coordinaci\u00f3n operativa con Hizbol\u00e1, al se\u00f1alar que Teher\u00e1n \u201cno la necesita\u201d.<\/p>\n<p style=\"text-align: justify;\">En cuanto al Estrecho de Ormuz, indic\u00f3 que no existe una decisi\u00f3n definitiva sobre su cierre. No obstante, advirti\u00f3 que, si la guerra se intensifica, cualquier embarcaci\u00f3n que intente cruzarlo podr\u00eda convertirse en objetivo militar.<\/p>\n<p style=\"text-align: justify;\">Finalmente, reiter\u00f3 que Ir\u00e1n considera el estrecho como una ruta de paz y cooperaci\u00f3n, aunque subray\u00f3 que en un contexto b\u00e9lico no puede garantizarse el tr\u00e1nsito normal de buques.<\/p>\n","protected":false},"excerpt":{"rendered":"<p>Ginebra.- El embajador de Ir\u00e1n ante la ONU, Ali Bahreini, afirm\u00f3 en Ginebra que su pa\u00eds est\u00e1 plenamente consciente de la posibilidad de un conflicto con Estados Unidos e Israel, y que se ha estado preparando para ese escenario desde hace tiempo. Durante una rueda de prensa, el diplom\u00e1tico sostuvo que Teher\u00e1n cuenta con las medidas necesarias para enfrentar cualquier eventualidad. \u201cDesde hace mucho tiempo ten\u00edamos informaci\u00f3n s\u00f3lida sobre una posible guerra contra nuestro pa\u00eds, incluso mientras se desarrollaban negociaciones\u201d, declar\u00f3. Seg\u00fan explic\u00f3, la diplomacia iran\u00ed habr\u00eda advertido a las fuerzas militares no confiar plenamente en el \u00e9xito de las [&hellip;]<\/p>\n","protected":false},"author":2,"featured_media":194702,"comment_status":"closed","ping_status":"closed","sticky":false,"template":"","format":"standard","meta":{"_monsterinsights_skip_tracking":false,"_monsterinsights_sitenote_active":false,"_monsterinsights_sitenote_note":"","_monsterinsights_sitenote_category":0,"footnotes":""},"categories":[44],"tags":[],"class_list":["post-194701","post","type-post","status-publish","format-standard","has-post-thumbnail","hentry","category-internacional","post--single"],"_links":{"self":[{"href":"https:\/\/canal7slp.tv\/2026\/wp-json\/wp\/v2\/posts\/194701","targetHints":{"allow":["GET"]}}],"collection":[{"href":"https:\/\/canal7slp.tv\/2026\/wp-json\/wp\/v2\/posts"}],"about":[{"href":"https:\/\/canal7slp.tv\/2026\/wp-json\/wp\/v2\/types\/post"}],"author":[{"embeddable":true,"href":"https:\/\/canal7slp.tv\/2026\/wp-json\/wp\/v2\/users\/2"}],"replies":[{"embeddable":true,"href":"https:\/\/canal7slp.tv\/2026\/wp-json\/wp\/v2\/comments?post=194701"}],"version-history":[{"count":1,"href":"https:\/\/canal7slp.tv\/2026\/wp-json\/wp\/v2\/posts\/194701\/revisions"}],"predecessor-version":[{"id":194703,"href":"https:\/\/canal7slp.tv\/2026\/wp-json\/wp\/v2\/posts\/194701\/revisions\/194703"}],"wp:featuredmedia":[{"embeddable":true,"href":"https:\/\/canal7slp.tv\/2026\/wp-json\/wp\/v2\/media\/194702"}],"wp:attachment":[{"href":"https:\/\/canal7slp.tv\/2026\/wp-json\/wp\/v2\/media?parent=194701"}],"wp:term":[{"taxonomy":"category","embeddable":true,"href":"https:\/\/canal7slp.tv\/2026\/wp-json\/wp\/v2\/categories?post=194701"},{"taxonomy":"post_tag","embeddable":true,"href":"https:\/\/canal7slp.tv\/2026\/wp-json\/wp\/v2\/tags?post=194701"}],"curies":[{"name":"wp","href":"https:\/\/api.w.org\/{rel}","templated":true}]}}