{"id":194698,"date":"2026-03-03T14:14:47","date_gmt":"2026-03-03T20:14:47","guid":{"rendered":"https:\/\/canal7slp.tv\/2026\/?p=194698"},"modified":"2026-03-03T14:14:47","modified_gmt":"2026-03-03T20:14:47","slug":"mexico-evacua-a-121-connacionales-por-conflicto-en-medio-oriente","status":"publish","type":"post","link":"https:\/\/canal7slp.tv\/2026\/mexico-evacua-a-121-connacionales-por-conflicto-en-medio-oriente\/","title":{"rendered":"M\u00e9xico evac\u00faa a 121 connacionales por conflicto en Medio Oriente"},"content":{"rendered":"<p style=\"text-align: justify;\">M\u00e9xico.- La Secretar\u00eda de Relaciones Exteriores (SRE) de M\u00e9xico ha informado que, debido al conflicto en Medio Oriente, se han evacuado hasta ahora a 121 ciudadanos mexicanos por v\u00eda terrestre.<\/p>\n<p style=\"text-align: justify;\">La SRE, liderada por el canciller Juan Ram\u00f3n de la Fuente, ha mantenido operativas las embajadas mexicanas en la regi\u00f3n, aunque en estado de alerta.<\/p>\n<p data-start=\"1199\" data-end=\"1231\">Los connacionales han salido de:<\/p>\n<ul>\n<li data-start=\"1235\" data-end=\"1274\"><span class=\"hover:entity-accent entity-underline inline cursor-pointer align-baseline\"><span class=\"whitespace-normal\">Ir\u00e1n<\/span><\/span><\/li>\n<li data-start=\"1277\" data-end=\"1316\"><span class=\"hover:entity-accent entity-underline inline cursor-pointer align-baseline\"><span class=\"whitespace-normal\">Israel<\/span><\/span><\/li>\n<li data-start=\"1319\" data-end=\"1358\"><span class=\"hover:entity-accent entity-underline inline cursor-pointer align-baseline\"><span class=\"whitespace-normal\">Jordania<\/span><\/span><\/li>\n<li data-start=\"1361\" data-end=\"1400\"><span class=\"hover:entity-accent entity-underline inline cursor-pointer align-baseline\"><span class=\"whitespace-normal\">L\u00edbano<\/span><\/span><\/li>\n<li data-start=\"1403\" data-end=\"1442\"><span class=\"hover:entity-accent entity-underline inline cursor-pointer align-baseline\"><span class=\"whitespace-normal\">Qatar<\/span><\/span><\/li>\n<\/ul>\n<p style=\"text-align: justify;\">La Canciller\u00eda ha se\u00f1alado que este n\u00famero podr\u00eda aumentar, ya que hay m\u00e1s personas programadas para salir con el apoyo de las embajadas.<\/p>\n<p style=\"text-align: justify;\">Se est\u00e1n analizando cuidadosamente las situaciones individuales para garantizar la seguridad de los corredores de evacuaci\u00f3n establecidos y explorar otras alternativas.<\/p>\n<p style=\"text-align: justify;\">Hasta el momento, no se han reportado personas afectadas f\u00edsicamente.<\/p>\n<p style=\"text-align: justify;\">La SRE ha reconocido el importante trabajo de los diplom\u00e1ticos en zonas de alta complejidad, destacando su profesionalismo y vocaci\u00f3n de servicio en las labores de asistencia y protecci\u00f3n.<\/p>\n","protected":false},"excerpt":{"rendered":"<p>M\u00e9xico.- La Secretar\u00eda de Relaciones Exteriores (SRE) de M\u00e9xico ha informado que, debido al conflicto en Medio Oriente, se han evacuado hasta ahora a 121 ciudadanos mexicanos por v\u00eda terrestre. La SRE, liderada por el canciller Juan Ram\u00f3n de la Fuente, ha mantenido operativas las embajadas mexicanas en la regi\u00f3n, aunque en estado de alerta. Los connacionales han salido de: Ir\u00e1n Israel Jordania L\u00edbano Qatar La Canciller\u00eda ha se\u00f1alado que este n\u00famero podr\u00eda aumentar, ya que hay m\u00e1s personas programadas para salir con el apoyo de las embajadas. Se est\u00e1n analizando cuidadosamente las situaciones individuales para garantizar la seguridad de [&hellip;]<\/p>\n","protected":false},"author":2,"featured_media":194699,"comment_status":"closed","ping_status":"closed","sticky":false,"template":"","format":"standard","meta":{"_monsterinsights_skip_tracking":false,"_monsterinsights_sitenote_active":false,"_monsterinsights_sitenote_note":"","_monsterinsights_sitenote_category":0,"footnotes":""},"categories":[46],"tags":[],"class_list":["post-194698","post","type-post","status-publish","format-standard","has-post-thumbnail","hentry","category-nacional","post--single"],"_links":{"self":[{"href":"https:\/\/canal7slp.tv\/2026\/wp-json\/wp\/v2\/posts\/194698","targetHints":{"allow":["GET"]}}],"collection":[{"href":"https:\/\/canal7slp.tv\/2026\/wp-json\/wp\/v2\/posts"}],"about":[{"href":"https:\/\/canal7slp.tv\/2026\/wp-json\/wp\/v2\/types\/post"}],"author":[{"embeddable":true,"href":"https:\/\/canal7slp.tv\/2026\/wp-json\/wp\/v2\/users\/2"}],"replies":[{"embeddable":true,"href":"https:\/\/canal7slp.tv\/2026\/wp-json\/wp\/v2\/comments?post=194698"}],"version-history":[{"count":1,"href":"https:\/\/canal7slp.tv\/2026\/wp-json\/wp\/v2\/posts\/194698\/revisions"}],"predecessor-version":[{"id":194700,"href":"https:\/\/canal7slp.tv\/2026\/wp-json\/wp\/v2\/posts\/194698\/revisions\/194700"}],"wp:featuredmedia":[{"embeddable":true,"href":"https:\/\/canal7slp.tv\/2026\/wp-json\/wp\/v2\/media\/194699"}],"wp:attachment":[{"href":"https:\/\/canal7slp.tv\/2026\/wp-json\/wp\/v2\/media?parent=194698"}],"wp:term":[{"taxonomy":"category","embeddable":true,"href":"https:\/\/canal7slp.tv\/2026\/wp-json\/wp\/v2\/categories?post=194698"},{"taxonomy":"post_tag","embeddable":true,"href":"https:\/\/canal7slp.tv\/2026\/wp-json\/wp\/v2\/tags?post=194698"}],"curies":[{"name":"wp","href":"https:\/\/api.w.org\/{rel}","templated":true}]}}