{"id":194692,"date":"2026-03-03T14:01:28","date_gmt":"2026-03-03T20:01:28","guid":{"rendered":"https:\/\/canal7slp.tv\/2026\/?p=194692"},"modified":"2026-03-03T15:22:21","modified_gmt":"2026-03-03T21:22:21","slug":"la-copa-del-mundo-de-la-fifa-llega-a-palacio-nacional","status":"publish","type":"post","link":"https:\/\/canal7slp.tv\/2026\/la-copa-del-mundo-de-la-fifa-llega-a-palacio-nacional\/","title":{"rendered":"La Copa del Mundo de la FIFA llega a Palacio Nacional"},"content":{"rendered":"<p style=\"text-align: justify;\">M\u00e9xico.- A 100 d\u00edas del inicio del Mundial 2026, que ser\u00e1 coorganizado por M\u00e9xico, Estados Unidos y Canad\u00e1, la Copa del Mundo de la FIFA fue recibida en Palacio Nacional el 3 de marzo. Durante la conferencia matutina, la presidenta Claudia Sheinbaum recibi\u00f3 el trofeo como parte de un tour que recorre los pa\u00edses anfitriones.<\/p>\n<p style=\"text-align: justify;\">El ambiente en el Sal\u00f3n de Tesorer\u00eda cambi\u00f3 moment\u00e1neamente de las preguntas habituales a una celebraci\u00f3n del f\u00fatbol. El exfutbolista brasile\u00f1o Bebeto, campe\u00f3n del Mundial de 1994, entreg\u00f3 el trofeo y lo sostuvo con cari\u00f1o, replicando una famosa celebraci\u00f3n de hace tres d\u00e9cadas. A solicitud de los organizadores, Sheinbaum alz\u00f3 el trofeo en se\u00f1al de triunfo, lo que fue recibido con aplausos por los asistentes y medios presentes.<\/p>\n<p style=\"text-align: justify;\">Adem\u00e1s, la presidenta recibi\u00f3 25 boletos destinados a campeones del f\u00fatbol social en M\u00e9xico y un obsequio del presidente de la FIFA, Gianni Infantino, que inclu\u00eda una copa en miniatura y una bufanda conmemorativa. Este evento tambi\u00e9n resalt\u00f3 el papel hist\u00f3rico de M\u00e9xico como anfitri\u00f3n por tercera vez, un hecho sin precedentes a nivel mundial.<\/p>\n<p style=\"text-align: justify;\">Louis Balat, presidente de Coca-Cola M\u00e9xico, destac\u00f3 el orgullo de que el pa\u00eds sea sede nuevamente y mencion\u00f3 que la gira del trofeo, que incluir\u00e1 10 ciudades y experiencias gratuitas, busca llevar la celebraci\u00f3n del Mundial m\u00e1s all\u00e1 de los estadios. Balat enfatiz\u00f3 que el evento representa una oportunidad para que Norteam\u00e9rica se una a trav\u00e9s del f\u00fatbol, compartiendo emociones y proyectando una imagen de fortaleza y unidad.<\/p>\n<p style=\"text-align: justify;\">Con la Copa del Mundo ya en la Ciudad de M\u00e9xico y la cuenta regresiva en marcha, el evento en Palacio Nacional simboliza la preparaci\u00f3n del pa\u00eds para mostrar su pasi\u00f3n por el f\u00fatbol al mundo.<\/p>\n","protected":false},"excerpt":{"rendered":"<p>M\u00e9xico.- A 100 d\u00edas del inicio del Mundial 2026, que ser\u00e1 coorganizado por M\u00e9xico, Estados Unidos y Canad\u00e1, la Copa del Mundo de la FIFA fue recibida en Palacio Nacional el 3 de marzo. Durante la conferencia matutina, la presidenta Claudia Sheinbaum recibi\u00f3 el trofeo como parte de un tour que recorre los pa\u00edses anfitriones. El ambiente en el Sal\u00f3n de Tesorer\u00eda cambi\u00f3 moment\u00e1neamente de las preguntas habituales a una celebraci\u00f3n del f\u00fatbol. El exfutbolista brasile\u00f1o Bebeto, campe\u00f3n del Mundial de 1994, entreg\u00f3 el trofeo y lo sostuvo con cari\u00f1o, replicando una famosa celebraci\u00f3n de hace tres d\u00e9cadas. A solicitud [&hellip;]<\/p>\n","protected":false},"author":2,"featured_media":194693,"comment_status":"closed","ping_status":"closed","sticky":false,"template":"","format":"standard","meta":{"_monsterinsights_skip_tracking":false,"_monsterinsights_sitenote_active":false,"_monsterinsights_sitenote_note":"","_monsterinsights_sitenote_category":0,"footnotes":""},"categories":[7,46],"tags":[],"class_list":["post-194692","post","type-post","status-publish","format-standard","has-post-thumbnail","hentry","category-deportes","category-nacional","post--single"],"_links":{"self":[{"href":"https:\/\/canal7slp.tv\/2026\/wp-json\/wp\/v2\/posts\/194692","targetHints":{"allow":["GET"]}}],"collection":[{"href":"https:\/\/canal7slp.tv\/2026\/wp-json\/wp\/v2\/posts"}],"about":[{"href":"https:\/\/canal7slp.tv\/2026\/wp-json\/wp\/v2\/types\/post"}],"author":[{"embeddable":true,"href":"https:\/\/canal7slp.tv\/2026\/wp-json\/wp\/v2\/users\/2"}],"replies":[{"embeddable":true,"href":"https:\/\/canal7slp.tv\/2026\/wp-json\/wp\/v2\/comments?post=194692"}],"version-history":[{"count":2,"href":"https:\/\/canal7slp.tv\/2026\/wp-json\/wp\/v2\/posts\/194692\/revisions"}],"predecessor-version":[{"id":194738,"href":"https:\/\/canal7slp.tv\/2026\/wp-json\/wp\/v2\/posts\/194692\/revisions\/194738"}],"wp:featuredmedia":[{"embeddable":true,"href":"https:\/\/canal7slp.tv\/2026\/wp-json\/wp\/v2\/media\/194693"}],"wp:attachment":[{"href":"https:\/\/canal7slp.tv\/2026\/wp-json\/wp\/v2\/media?parent=194692"}],"wp:term":[{"taxonomy":"category","embeddable":true,"href":"https:\/\/canal7slp.tv\/2026\/wp-json\/wp\/v2\/categories?post=194692"},{"taxonomy":"post_tag","embeddable":true,"href":"https:\/\/canal7slp.tv\/2026\/wp-json\/wp\/v2\/tags?post=194692"}],"curies":[{"name":"wp","href":"https:\/\/api.w.org\/{rel}","templated":true}]}}