{"id":194679,"date":"2026-03-03T13:56:30","date_gmt":"2026-03-03T19:56:30","guid":{"rendered":"https:\/\/canal7slp.tv\/2026\/?p=194679"},"modified":"2026-03-03T13:56:30","modified_gmt":"2026-03-03T19:56:30","slug":"sgs-alista-el-festival-del-artesano-talento-potosi-con-la-presencia-de-100-expositores","status":"publish","type":"post","link":"https:\/\/canal7slp.tv\/2026\/sgs-alista-el-festival-del-artesano-talento-potosi-con-la-presencia-de-100-expositores\/","title":{"rendered":"SGS alista el Festival del Artesano \u00abTalento Potos\u00ed\u00bb con la presencia de 100 expositores"},"content":{"rendered":"<p style=\"text-align: justify;\">SGS.-\u00a0El Ayuntamiento de Soledad de Graciano S\u00e1nchez, en colaboraci\u00f3n con la Secretar\u00eda de Desarrollo Econ\u00f3mico llevar\u00e1 acabo el Festival del Artesano \u201cTalento Potos\u00ed\u201d, del 20 al 22 de marzo en la plaza principal, en el marco del D\u00eda del Artesano.<\/p>\n<p style=\"text-align: justify;\">El evento reunir\u00e1 a creadores de las cuatro regiones del estado con el objetivo de impulsar el comercio artesanal de aproximadamente 100 expositores.<\/p>\n<p style=\"text-align: justify;\">En su intervenci\u00f3n, la directora del Instituto de Desarrollo Humano y Social de los Pueblos y Comunidades Ind\u00edgenas (INDEPI), Bernarda Reyes Hern\u00e1ndez invit\u00f3 a la poblaci\u00f3n a sumarse, al mismo tiempo que subray\u00f3 la importancia de evitar el regateo en las pr\u00e1cticas comerciales.<\/p>\n<p style=\"text-align: justify;\">Por su parte, el Secretario de Desarrollo Econ\u00f3mico del Estado, Jes\u00fas Salvador Gonz\u00e1lez Mart\u00ednez, enfatiz\u00f3 que la prioridad es impulsar la proyecci\u00f3n de los artesanos a fin de que ampl\u00eden sus oportunidades de desarrollo y comercializaci\u00f3n.<\/p>\n<p style=\"text-align: justify;\">Por: Sof\u00eda Mayela Mata Morales<\/p>\n","protected":false},"excerpt":{"rendered":"<p>SGS.-\u00a0El Ayuntamiento de Soledad de Graciano S\u00e1nchez, en colaboraci\u00f3n con la Secretar\u00eda de Desarrollo Econ\u00f3mico llevar\u00e1 acabo el Festival del Artesano \u201cTalento Potos\u00ed\u201d, del 20 al 22 de marzo en la plaza principal, en el marco del D\u00eda del Artesano. El evento reunir\u00e1 a creadores de las cuatro regiones del estado con el objetivo de impulsar el comercio artesanal de aproximadamente 100 expositores. En su intervenci\u00f3n, la directora del Instituto de Desarrollo Humano y Social de los Pueblos y Comunidades Ind\u00edgenas (INDEPI), Bernarda Reyes Hern\u00e1ndez invit\u00f3 a la poblaci\u00f3n a sumarse, al mismo tiempo que subray\u00f3 la importancia de evitar [&hellip;]<\/p>\n","protected":false},"author":2,"featured_media":194683,"comment_status":"closed","ping_status":"closed","sticky":false,"template":"","format":"video","meta":{"_monsterinsights_skip_tracking":false,"_monsterinsights_sitenote_active":false,"_monsterinsights_sitenote_note":"","_monsterinsights_sitenote_category":0,"footnotes":""},"categories":[5,45],"tags":[],"class_list":["post-194679","post","type-post","status-publish","format-video","has-post-thumbnail","hentry","category-destacadas","category-localesyregionales","post_format-post-format-video","post--single"],"_links":{"self":[{"href":"https:\/\/canal7slp.tv\/2026\/wp-json\/wp\/v2\/posts\/194679","targetHints":{"allow":["GET"]}}],"collection":[{"href":"https:\/\/canal7slp.tv\/2026\/wp-json\/wp\/v2\/posts"}],"about":[{"href":"https:\/\/canal7slp.tv\/2026\/wp-json\/wp\/v2\/types\/post"}],"author":[{"embeddable":true,"href":"https:\/\/canal7slp.tv\/2026\/wp-json\/wp\/v2\/users\/2"}],"replies":[{"embeddable":true,"href":"https:\/\/canal7slp.tv\/2026\/wp-json\/wp\/v2\/comments?post=194679"}],"version-history":[{"count":1,"href":"https:\/\/canal7slp.tv\/2026\/wp-json\/wp\/v2\/posts\/194679\/revisions"}],"predecessor-version":[{"id":194684,"href":"https:\/\/canal7slp.tv\/2026\/wp-json\/wp\/v2\/posts\/194679\/revisions\/194684"}],"wp:featuredmedia":[{"embeddable":true,"href":"https:\/\/canal7slp.tv\/2026\/wp-json\/wp\/v2\/media\/194683"}],"wp:attachment":[{"href":"https:\/\/canal7slp.tv\/2026\/wp-json\/wp\/v2\/media?parent=194679"}],"wp:term":[{"taxonomy":"category","embeddable":true,"href":"https:\/\/canal7slp.tv\/2026\/wp-json\/wp\/v2\/categories?post=194679"},{"taxonomy":"post_tag","embeddable":true,"href":"https:\/\/canal7slp.tv\/2026\/wp-json\/wp\/v2\/tags?post=194679"}],"curies":[{"name":"wp","href":"https:\/\/api.w.org\/{rel}","templated":true}]}}