{"id":194652,"date":"2026-03-03T10:15:16","date_gmt":"2026-03-03T16:15:16","guid":{"rendered":"https:\/\/canal7slp.tv\/2026\/?p=194652"},"modified":"2026-03-02T19:46:10","modified_gmt":"2026-03-03T01:46:10","slug":"afirma-la-dirigente-estatal-del-pri-que-su-partido-no-se-cierra-a-ningun-acuerdo-politico","status":"publish","type":"post","link":"https:\/\/canal7slp.tv\/2026\/afirma-la-dirigente-estatal-del-pri-que-su-partido-no-se-cierra-a-ningun-acuerdo-politico\/","title":{"rendered":"Afirma la dirigente estatal del PRI que su partido no se cierra a ning\u00fan acuerdo pol\u00edtico"},"content":{"rendered":"<p style=\"text-align: justify;\"><span style=\"font-size: 1.21429rem;\">SLP.- De cara al proceso electoral del 2027 la dirigente estatal del PRI Sara Rocha Medina afirm\u00f3 que su partido mantiene una postura aliancista y que adem\u00e1s, no cierra la puerta a ning\u00fan acuerdo pol\u00edtico.<\/span><\/p>\n<p style=\"text-align: justify;\">La dirigente pri\u00edsta se\u00f1al\u00f3 que aunque su partido va en solitario existe apertura para las alianzas con otras fuerzas pol\u00edticas al decir que los partidos que se consideren oposici\u00f3n, deben de anteponer su intereses personales.<\/p>\n<p style=\"text-align: justify;\">Al se\u00f1alar que dentro del PRI existen diversos perfiles que han manifestado su inter\u00e9s en contender por la gubernatura dijo tambi\u00e9n que el proceso interno se mantendr\u00e1 abierto, en tanto se define una ruta rumbo al proceso electoral del 2027.<\/p>\n<p style=\"text-align: justify;\">Sobre la posibilidad de integrar un bloque opositor en donde se invitar\u00eda tambi\u00e9n al Partido Movimiento Ciudadano esto fue lo que dijo la dirigente partidista.<\/p>\n<p style=\"text-align: justify;\">Por: Claudio Ibarra<\/p>\n","protected":false},"excerpt":{"rendered":"<p>SLP.- De cara al proceso electoral del 2027 la dirigente estatal del PRI Sara Rocha Medina afirm\u00f3 que su partido mantiene una postura aliancista y que adem\u00e1s, no cierra la puerta a ning\u00fan acuerdo pol\u00edtico. La dirigente pri\u00edsta se\u00f1al\u00f3 que aunque su partido va en solitario existe apertura para las alianzas con otras fuerzas pol\u00edticas al decir que los partidos que se consideren oposici\u00f3n, deben de anteponer su intereses personales. Al se\u00f1alar que dentro del PRI existen diversos perfiles que han manifestado su inter\u00e9s en contender por la gubernatura dijo tambi\u00e9n que el proceso interno se mantendr\u00e1 abierto, en tanto [&hellip;]<\/p>\n","protected":false},"author":2,"featured_media":194662,"comment_status":"closed","ping_status":"closed","sticky":false,"template":"","format":"standard","meta":{"_monsterinsights_skip_tracking":false,"_monsterinsights_sitenote_active":false,"_monsterinsights_sitenote_note":"","_monsterinsights_sitenote_category":0,"footnotes":""},"categories":[5,45],"tags":[],"class_list":["post-194652","post","type-post","status-publish","format-standard","has-post-thumbnail","hentry","category-destacadas","category-localesyregionales","post--single"],"_links":{"self":[{"href":"https:\/\/canal7slp.tv\/2026\/wp-json\/wp\/v2\/posts\/194652","targetHints":{"allow":["GET"]}}],"collection":[{"href":"https:\/\/canal7slp.tv\/2026\/wp-json\/wp\/v2\/posts"}],"about":[{"href":"https:\/\/canal7slp.tv\/2026\/wp-json\/wp\/v2\/types\/post"}],"author":[{"embeddable":true,"href":"https:\/\/canal7slp.tv\/2026\/wp-json\/wp\/v2\/users\/2"}],"replies":[{"embeddable":true,"href":"https:\/\/canal7slp.tv\/2026\/wp-json\/wp\/v2\/comments?post=194652"}],"version-history":[{"count":2,"href":"https:\/\/canal7slp.tv\/2026\/wp-json\/wp\/v2\/posts\/194652\/revisions"}],"predecessor-version":[{"id":194671,"href":"https:\/\/canal7slp.tv\/2026\/wp-json\/wp\/v2\/posts\/194652\/revisions\/194671"}],"wp:featuredmedia":[{"embeddable":true,"href":"https:\/\/canal7slp.tv\/2026\/wp-json\/wp\/v2\/media\/194662"}],"wp:attachment":[{"href":"https:\/\/canal7slp.tv\/2026\/wp-json\/wp\/v2\/media?parent=194652"}],"wp:term":[{"taxonomy":"category","embeddable":true,"href":"https:\/\/canal7slp.tv\/2026\/wp-json\/wp\/v2\/categories?post=194652"},{"taxonomy":"post_tag","embeddable":true,"href":"https:\/\/canal7slp.tv\/2026\/wp-json\/wp\/v2\/tags?post=194652"}],"curies":[{"name":"wp","href":"https:\/\/api.w.org\/{rel}","templated":true}]}}