{"id":194650,"date":"2026-03-02T19:17:03","date_gmt":"2026-03-03T01:17:03","guid":{"rendered":"https:\/\/canal7slp.tv\/2026\/?p=194650"},"modified":"2026-03-02T19:17:03","modified_gmt":"2026-03-03T01:17:03","slug":"toma-protesta-la-nueva-vocal-ejecutiva-del-ine-en-san-luis-potosi","status":"publish","type":"post","link":"https:\/\/canal7slp.tv\/2026\/toma-protesta-la-nueva-vocal-ejecutiva-del-ine-en-san-luis-potosi\/","title":{"rendered":"Toma protesta la nueva Vocal Ejecutiva del INE en San Luis Potos\u00ed"},"content":{"rendered":"<p style=\"text-align: justify;\"><span style=\"font-size: 1.21429rem;\">SLP.- Liliana D\u00edaz de Le\u00f3n Zapata tom\u00f3 protesta como nueva Vocal Ejecutiva del Instituto Nacional Electoral en San Luis Potos\u00ed.<\/span><\/p>\n<p style=\"text-align: justify;\">Ya en el cargo, encabezar\u00e1 la organizaci\u00f3n en el estado de cara al proceso electoral del 2027 mismo que inicia en el mes de Septiembre de este a\u00f1o.<\/p>\n<p style=\"text-align: justify;\">En entrevista posterior a su toma de protesta la funcionaria electoral se\u00f1al\u00f3 que asumir\u00e1 muchos retos y que uno de ellos es el de separar la jornada electoral judicial de este a\u00f1o, del proceso electoral del Ejecutivo y Legislativo porque son de naturaleza distinta.<\/p>\n<p style=\"text-align: justify;\">Asimismo y en el tema de la reforma electoral , la vocal ejecutiva del INE afirm\u00f3 que este \u00f3rgano mantiene una postura prudente hasta en tanto no se de a conocer de manera definitiva, el contenido completo de esta iniciatva.<\/p>\n<p style=\"text-align: justify;\">Por: Claudio Ibarra<\/p>\n","protected":false},"excerpt":{"rendered":"<p>SLP.- Liliana D\u00edaz de Le\u00f3n Zapata tom\u00f3 protesta como nueva Vocal Ejecutiva del Instituto Nacional Electoral en San Luis Potos\u00ed. Ya en el cargo, encabezar\u00e1 la organizaci\u00f3n en el estado de cara al proceso electoral del 2027 mismo que inicia en el mes de Septiembre de este a\u00f1o. En entrevista posterior a su toma de protesta la funcionaria electoral se\u00f1al\u00f3 que asumir\u00e1 muchos retos y que uno de ellos es el de separar la jornada electoral judicial de este a\u00f1o, del proceso electoral del Ejecutivo y Legislativo porque son de naturaleza distinta. Asimismo y en el tema de la reforma [&hellip;]<\/p>\n","protected":false},"author":2,"featured_media":194660,"comment_status":"closed","ping_status":"closed","sticky":false,"template":"","format":"video","meta":{"_monsterinsights_skip_tracking":false,"_monsterinsights_sitenote_active":false,"_monsterinsights_sitenote_note":"","_monsterinsights_sitenote_category":0,"footnotes":""},"categories":[5,45],"tags":[],"class_list":["post-194650","post","type-post","status-publish","format-video","has-post-thumbnail","hentry","category-destacadas","category-localesyregionales","post_format-post-format-video","post--single"],"_links":{"self":[{"href":"https:\/\/canal7slp.tv\/2026\/wp-json\/wp\/v2\/posts\/194650","targetHints":{"allow":["GET"]}}],"collection":[{"href":"https:\/\/canal7slp.tv\/2026\/wp-json\/wp\/v2\/posts"}],"about":[{"href":"https:\/\/canal7slp.tv\/2026\/wp-json\/wp\/v2\/types\/post"}],"author":[{"embeddable":true,"href":"https:\/\/canal7slp.tv\/2026\/wp-json\/wp\/v2\/users\/2"}],"replies":[{"embeddable":true,"href":"https:\/\/canal7slp.tv\/2026\/wp-json\/wp\/v2\/comments?post=194650"}],"version-history":[{"count":2,"href":"https:\/\/canal7slp.tv\/2026\/wp-json\/wp\/v2\/posts\/194650\/revisions"}],"predecessor-version":[{"id":194667,"href":"https:\/\/canal7slp.tv\/2026\/wp-json\/wp\/v2\/posts\/194650\/revisions\/194667"}],"wp:featuredmedia":[{"embeddable":true,"href":"https:\/\/canal7slp.tv\/2026\/wp-json\/wp\/v2\/media\/194660"}],"wp:attachment":[{"href":"https:\/\/canal7slp.tv\/2026\/wp-json\/wp\/v2\/media?parent=194650"}],"wp:term":[{"taxonomy":"category","embeddable":true,"href":"https:\/\/canal7slp.tv\/2026\/wp-json\/wp\/v2\/categories?post=194650"},{"taxonomy":"post_tag","embeddable":true,"href":"https:\/\/canal7slp.tv\/2026\/wp-json\/wp\/v2\/tags?post=194650"}],"curies":[{"name":"wp","href":"https:\/\/api.w.org\/{rel}","templated":true}]}}