{"id":194214,"date":"2026-02-25T18:06:41","date_gmt":"2026-02-26T00:06:41","guid":{"rendered":"https:\/\/canal7slp.tv\/2026\/?p=194214"},"modified":"2026-02-25T18:06:41","modified_gmt":"2026-02-26T00:06:41","slug":"la-uaslp-anuncia-la-feria-nacional-del-libro-en-su-edicion-numero-50","status":"publish","type":"post","link":"https:\/\/canal7slp.tv\/2026\/la-uaslp-anuncia-la-feria-nacional-del-libro-en-su-edicion-numero-50\/","title":{"rendered":"La UASLP anuncia la Feria Nacional del Libro en su edici\u00f3n n\u00famero 50"},"content":{"rendered":"<p style=\"text-align: justify;\"><span style=\"font-size: 1.21429rem;\">SLP.- La Universidad Aut\u00f3noma de San Luis Potos\u00ed celebrar\u00e1 la edici\u00f3n n\u00famero 50 de su Feria Nacional del Libro como un escaparate literario, y formador de nuevos lectores.<\/span><\/p>\n<p style=\"text-align: justify;\">Se destac\u00f3 que no solo ser\u00e1 una plataforma para que el p\u00fablico tenga acceso a reconocidos autores sino para seguir fomentando el buen h\u00e1bito de la lectura.<\/p>\n<p style=\"text-align: justify;\">En el marco de esta Feria Nacional del Libro de la Universidad Aut\u00f3noma de San Luis Potosi que se llevar\u00e1 a cabo del 13 al 22 de Marzo en las instalaciones del Centro Cultural Universitario Bicentenario, se har\u00e1 entrega del doctorado Honoris Causa a los escritores Cristina Rivera Garza y Juan Villoro Ruiz, quienes har\u00e1n la presentaci\u00f3n de sus obras m\u00e1s recientes.<\/p>\n<p style=\"text-align: justify;\">Asimismo, este evento reunir\u00e1 a autoras y autores nacionales e internacionales como Laura Restrepo, Xavier Velasco, Jos\u00e9 Gordon, Benito Taibo e Isabel Revueltas entre otros.<\/p>\n<p style=\"text-align: justify;\">Por: Claudio Ibarra<\/p>\n","protected":false},"excerpt":{"rendered":"<p>SLP.- La Universidad Aut\u00f3noma de San Luis Potos\u00ed celebrar\u00e1 la edici\u00f3n n\u00famero 50 de su Feria Nacional del Libro como un escaparate literario, y formador de nuevos lectores. Se destac\u00f3 que no solo ser\u00e1 una plataforma para que el p\u00fablico tenga acceso a reconocidos autores sino para seguir fomentando el buen h\u00e1bito de la lectura. En el marco de esta Feria Nacional del Libro de la Universidad Aut\u00f3noma de San Luis Potosi que se llevar\u00e1 a cabo del 13 al 22 de Marzo en las instalaciones del Centro Cultural Universitario Bicentenario, se har\u00e1 entrega del doctorado Honoris Causa a los [&hellip;]<\/p>\n","protected":false},"author":2,"featured_media":194230,"comment_status":"closed","ping_status":"closed","sticky":false,"template":"","format":"video","meta":{"_monsterinsights_skip_tracking":false,"_monsterinsights_sitenote_active":false,"_monsterinsights_sitenote_note":"","_monsterinsights_sitenote_category":0,"footnotes":""},"categories":[5,45],"tags":[],"class_list":["post-194214","post","type-post","status-publish","format-video","has-post-thumbnail","hentry","category-destacadas","category-localesyregionales","post_format-post-format-video","post--single"],"_links":{"self":[{"href":"https:\/\/canal7slp.tv\/2026\/wp-json\/wp\/v2\/posts\/194214","targetHints":{"allow":["GET"]}}],"collection":[{"href":"https:\/\/canal7slp.tv\/2026\/wp-json\/wp\/v2\/posts"}],"about":[{"href":"https:\/\/canal7slp.tv\/2026\/wp-json\/wp\/v2\/types\/post"}],"author":[{"embeddable":true,"href":"https:\/\/canal7slp.tv\/2026\/wp-json\/wp\/v2\/users\/2"}],"replies":[{"embeddable":true,"href":"https:\/\/canal7slp.tv\/2026\/wp-json\/wp\/v2\/comments?post=194214"}],"version-history":[{"count":2,"href":"https:\/\/canal7slp.tv\/2026\/wp-json\/wp\/v2\/posts\/194214\/revisions"}],"predecessor-version":[{"id":194242,"href":"https:\/\/canal7slp.tv\/2026\/wp-json\/wp\/v2\/posts\/194214\/revisions\/194242"}],"wp:featuredmedia":[{"embeddable":true,"href":"https:\/\/canal7slp.tv\/2026\/wp-json\/wp\/v2\/media\/194230"}],"wp:attachment":[{"href":"https:\/\/canal7slp.tv\/2026\/wp-json\/wp\/v2\/media?parent=194214"}],"wp:term":[{"taxonomy":"category","embeddable":true,"href":"https:\/\/canal7slp.tv\/2026\/wp-json\/wp\/v2\/categories?post=194214"},{"taxonomy":"post_tag","embeddable":true,"href":"https:\/\/canal7slp.tv\/2026\/wp-json\/wp\/v2\/tags?post=194214"}],"curies":[{"name":"wp","href":"https:\/\/api.w.org\/{rel}","templated":true}]}}