{"id":194205,"date":"2026-02-25T18:05:18","date_gmt":"2026-02-26T00:05:18","guid":{"rendered":"https:\/\/canal7slp.tv\/2026\/?p=194205"},"modified":"2026-02-25T18:05:18","modified_gmt":"2026-02-26T00:05:18","slug":"en-marzo-inauguracion-de-puente-en-valle-de-los-fantasmas-y-circuito-potosi-juan-manuel-navarro","status":"publish","type":"post","link":"https:\/\/canal7slp.tv\/2026\/en-marzo-inauguracion-de-puente-en-valle-de-los-fantasmas-y-circuito-potosi-juan-manuel-navarro\/","title":{"rendered":"En marzo inauguraci\u00f3n de puente en Valle de los Fantasmas y Circuito Potos\u00ed: Juan Manuel Navarro"},"content":{"rendered":"<p style=\"text-align: justify;\">SGS.- Ser\u00e1 en el mes de marzo cuando se inaugure el puente vehicular de Circuito Potos\u00ed en su intersecci\u00f3n con el Bulevar Valle de los Fantasmas, as\u00ed lo expuso el edil de Soledad de Graciano S\u00e1nchez, Juan Manuel Navarro Mu\u00f1iz.<\/p>\n<p style=\"text-align: justify;\">\u201cNosotros esperamos que en el mes de marzo ya est\u00e9 concluido al 100%, estemos ya liberando m\u00e1s vialidad, incluso estuvimos por ah\u00ed en f\u00edsico con el gobernador y con la secretaria de obras, ya trae una avance muy, muy importante\u201d.<\/p>\n<p style=\"text-align: justify;\">Dijo que el avance de obra es amplio, pero no mencion\u00f3 porcentaje alguno.<\/p>\n<p style=\"text-align: justify;\">\u201cPor ah\u00ed de marzo, finales de marzo estar entregando el puente, lo constatamos y s\u00ed da el avance que trae, s\u00ed da los trabajos que est\u00e1n realizando taller, le llaman los constructores donde est\u00e1n elaborando todas las trabes\u201d.<\/p>\n<p style=\"text-align: justify;\">Asegur\u00f3 que a pesar de las quejas de usuarios, existe un operativo por parte de la Polic\u00eda Vial en la zona.<\/p>\n<p style=\"text-align: justify;\">\u201cTambi\u00e9n fue de las recomendaciones que nos dio el gobernador, de acrecentar la presencia de Polic\u00eda Vial en la zona, todo el d\u00eda no solamente en horas pico\u201d.<\/p>\n<p style=\"text-align: justify;\">Ofreci\u00f3 una cifra de impacto positivo estimado por la autoridad, una vez est\u00e9 en activo el puente vehicular.<\/p>\n<p style=\"text-align: justify;\">\u201cEl 80% de la poblaci\u00f3n de Soledad usamos, pasamos, circulamos por ah\u00ed, gente de la capital que hoy agarra \u00bfno?\u201d.<\/p>\n<p style=\"text-align: justify;\">La propia titular de la Secretar\u00eda de Desarrollo Urbano, Vivienda y Obra P\u00fablica de Gobierno del Estado, Leticia Vargas Tinajero, confirm\u00f3 los dichos del edil.<\/p>\n<p style=\"text-align: justify;\">\u201cEstamos colando trabes que es lo que pudiera ser un poquito m\u00e1s tardado, se avanza tambi\u00e9n las terracer\u00edas de las rampas (\u2026) estimamos que sea para marzo\u201d.<\/p>\n<p style=\"text-align: justify;\">Por: Juan Carlos Contreras<\/p>\n","protected":false},"excerpt":{"rendered":"<p>SGS.- Ser\u00e1 en el mes de marzo cuando se inaugure el puente vehicular de Circuito Potos\u00ed en su intersecci\u00f3n con el Bulevar Valle de los Fantasmas, as\u00ed lo expuso el edil de Soledad de Graciano S\u00e1nchez, Juan Manuel Navarro Mu\u00f1iz. \u201cNosotros esperamos que en el mes de marzo ya est\u00e9 concluido al 100%, estemos ya liberando m\u00e1s vialidad, incluso estuvimos por ah\u00ed en f\u00edsico con el gobernador y con la secretaria de obras, ya trae una avance muy, muy importante\u201d. Dijo que el avance de obra es amplio, pero no mencion\u00f3 porcentaje alguno. \u201cPor ah\u00ed de marzo, finales de marzo [&hellip;]<\/p>\n","protected":false},"author":2,"featured_media":194228,"comment_status":"closed","ping_status":"closed","sticky":false,"template":"","format":"video","meta":{"_monsterinsights_skip_tracking":false,"_monsterinsights_sitenote_active":false,"_monsterinsights_sitenote_note":"","_monsterinsights_sitenote_category":0,"footnotes":""},"categories":[512,5,45],"tags":[],"class_list":["post-194205","post","type-post","status-publish","format-video","has-post-thumbnail","hentry","category-ayosgs","category-destacadas","category-localesyregionales","post_format-post-format-video","post--single"],"_links":{"self":[{"href":"https:\/\/canal7slp.tv\/2026\/wp-json\/wp\/v2\/posts\/194205","targetHints":{"allow":["GET"]}}],"collection":[{"href":"https:\/\/canal7slp.tv\/2026\/wp-json\/wp\/v2\/posts"}],"about":[{"href":"https:\/\/canal7slp.tv\/2026\/wp-json\/wp\/v2\/types\/post"}],"author":[{"embeddable":true,"href":"https:\/\/canal7slp.tv\/2026\/wp-json\/wp\/v2\/users\/2"}],"replies":[{"embeddable":true,"href":"https:\/\/canal7slp.tv\/2026\/wp-json\/wp\/v2\/comments?post=194205"}],"version-history":[{"count":2,"href":"https:\/\/canal7slp.tv\/2026\/wp-json\/wp\/v2\/posts\/194205\/revisions"}],"predecessor-version":[{"id":194241,"href":"https:\/\/canal7slp.tv\/2026\/wp-json\/wp\/v2\/posts\/194205\/revisions\/194241"}],"wp:featuredmedia":[{"embeddable":true,"href":"https:\/\/canal7slp.tv\/2026\/wp-json\/wp\/v2\/media\/194228"}],"wp:attachment":[{"href":"https:\/\/canal7slp.tv\/2026\/wp-json\/wp\/v2\/media?parent=194205"}],"wp:term":[{"taxonomy":"category","embeddable":true,"href":"https:\/\/canal7slp.tv\/2026\/wp-json\/wp\/v2\/categories?post=194205"},{"taxonomy":"post_tag","embeddable":true,"href":"https:\/\/canal7slp.tv\/2026\/wp-json\/wp\/v2\/tags?post=194205"}],"curies":[{"name":"wp","href":"https:\/\/api.w.org\/{rel}","templated":true}]}}