{"id":194203,"date":"2026-02-25T18:00:23","date_gmt":"2026-02-26T00:00:23","guid":{"rendered":"https:\/\/canal7slp.tv\/2026\/?p=194203"},"modified":"2026-02-25T18:00:23","modified_gmt":"2026-02-26T00:00:23","slug":"segam-buscara-aumentar-a-19-las-areas-naturales-protegidas-de-slp-en-2026","status":"publish","type":"post","link":"https:\/\/canal7slp.tv\/2026\/segam-buscara-aumentar-a-19-las-areas-naturales-protegidas-de-slp-en-2026\/","title":{"rendered":"SEGAM buscar\u00e1 aumentar a 19 las \u00c1reas Naturales Protegidas de SLP en 2026"},"content":{"rendered":"<p style=\"text-align: justify;\">SLP.- En el a\u00f1o 2026 la Secretar\u00eda de Ecolog\u00eda y Gesti\u00f3n Ambiental de Gobierno del Estado de San Luis Potos\u00ed, buscar\u00e1 incrementar el territorio reconocido como \u00c1rea Natural Protegida en la entidad para pasar de 14 espacios a 19 con la adhesi\u00f3n de cinco zonas, as\u00ed lo hizo saber la titular de la secretaria, Sonia Mendoza D\u00edaz.<\/p>\n<p style=\"text-align: justify;\">\u00abTenemos 14 \u00e1reas protegidas, ahorita ya estamos trabajando sobre cinco m\u00e1s; es Villa Hidalgo, estamos una en San Francisco, en Tamazunchale, es una en Xilitla, una en Alaquines y una en Tanlajas, son las cinco \u00e1reas que se est\u00e1n trabajando con IPICYT\u00bb.<\/p>\n<p style=\"text-align: justify;\">La informaci\u00f3n la brind\u00f3 en el marco de la celebraci\u00f3n del taller de arranque para la Construcci\u00f3n del Plan 30 x 30 sobre la Conservaci\u00f3n y Restauraci\u00f3n de la Biodiversidad que busca lograr declarar el 30% del territorio potosino \u00c1rea Natural Protegida.<\/p>\n<p style=\"text-align: justify;\">\u00abPues todav\u00eda nos falta, todav\u00eda nos falta, tenemos un buen porcentaje, sin embargo, creo que nos falta todav\u00eda, sin embargo, si tengo que decir que de un a\u00f1o para ac\u00e1 se ha movido mucho (&#8230;) tenemos m\u00e1s del 20% ya nosotros territorialmente hablando\u00bb.<\/p>\n<p style=\"text-align: justify;\">El proceso para declara un \u00c1rea Natural Protegida comienza con la consulta a la comunidad residente, se genera un trabajo del tipo de flora y fauna, una vez aprobado se publica en el Peri\u00f3dico Oficial del Estado.<\/p>\n<p style=\"text-align: justify;\">\u00abSe preserva precisamente el ecosistema, que se cuida no nada m\u00e1s por la SEGAM, si no por los habitantes, la flora y la fauna end\u00e9mica que existen y con ellos contribuimos a mejorar la calidad del medio ambiente\u00bb.<\/p>\n<p style=\"text-align: justify;\">El estado potosino es parte del Corredor Biocultural del Centro Occidente de M\u00e9xico y de manera conjunta con esta agrupaci\u00f3n de ocho estado de la naci\u00f3n, se buscar\u00e1 generar acciones de rehabilitaci\u00f3n de \u00e1reas da\u00f1adas como parte de este Plan 30&#215;30.<\/p>\n<p>Por: Juan Carlos Contreras<\/p>\n","protected":false},"excerpt":{"rendered":"<p>SLP.- En el a\u00f1o 2026 la Secretar\u00eda de Ecolog\u00eda y Gesti\u00f3n Ambiental de Gobierno del Estado de San Luis Potos\u00ed, buscar\u00e1 incrementar el territorio reconocido como \u00c1rea Natural Protegida en la entidad para pasar de 14 espacios a 19 con la adhesi\u00f3n de cinco zonas, as\u00ed lo hizo saber la titular de la secretaria, Sonia Mendoza D\u00edaz. \u00abTenemos 14 \u00e1reas protegidas, ahorita ya estamos trabajando sobre cinco m\u00e1s; es Villa Hidalgo, estamos una en San Francisco, en Tamazunchale, es una en Xilitla, una en Alaquines y una en Tanlajas, son las cinco \u00e1reas que se est\u00e1n trabajando con IPICYT\u00bb. La [&hellip;]<\/p>\n","protected":false},"author":2,"featured_media":194224,"comment_status":"closed","ping_status":"closed","sticky":false,"template":"","format":"video","meta":{"_monsterinsights_skip_tracking":false,"_monsterinsights_sitenote_active":false,"_monsterinsights_sitenote_note":"","_monsterinsights_sitenote_category":0,"footnotes":""},"categories":[5,45],"tags":[],"class_list":["post-194203","post","type-post","status-publish","format-video","has-post-thumbnail","hentry","category-destacadas","category-localesyregionales","post_format-post-format-video","post--single"],"_links":{"self":[{"href":"https:\/\/canal7slp.tv\/2026\/wp-json\/wp\/v2\/posts\/194203","targetHints":{"allow":["GET"]}}],"collection":[{"href":"https:\/\/canal7slp.tv\/2026\/wp-json\/wp\/v2\/posts"}],"about":[{"href":"https:\/\/canal7slp.tv\/2026\/wp-json\/wp\/v2\/types\/post"}],"author":[{"embeddable":true,"href":"https:\/\/canal7slp.tv\/2026\/wp-json\/wp\/v2\/users\/2"}],"replies":[{"embeddable":true,"href":"https:\/\/canal7slp.tv\/2026\/wp-json\/wp\/v2\/comments?post=194203"}],"version-history":[{"count":2,"href":"https:\/\/canal7slp.tv\/2026\/wp-json\/wp\/v2\/posts\/194203\/revisions"}],"predecessor-version":[{"id":194239,"href":"https:\/\/canal7slp.tv\/2026\/wp-json\/wp\/v2\/posts\/194203\/revisions\/194239"}],"wp:featuredmedia":[{"embeddable":true,"href":"https:\/\/canal7slp.tv\/2026\/wp-json\/wp\/v2\/media\/194224"}],"wp:attachment":[{"href":"https:\/\/canal7slp.tv\/2026\/wp-json\/wp\/v2\/media?parent=194203"}],"wp:term":[{"taxonomy":"category","embeddable":true,"href":"https:\/\/canal7slp.tv\/2026\/wp-json\/wp\/v2\/categories?post=194203"},{"taxonomy":"post_tag","embeddable":true,"href":"https:\/\/canal7slp.tv\/2026\/wp-json\/wp\/v2\/tags?post=194203"}],"curies":[{"name":"wp","href":"https:\/\/api.w.org\/{rel}","templated":true}]}}