{"id":194100,"date":"2026-02-24T15:21:18","date_gmt":"2026-02-24T21:21:18","guid":{"rendered":"https:\/\/canal7slp.tv\/2026\/?p=194100"},"modified":"2026-02-24T15:21:18","modified_gmt":"2026-02-24T21:21:18","slug":"semar-despliega-buque-de-guerra-en-jalisco","status":"publish","type":"post","link":"https:\/\/canal7slp.tv\/2026\/semar-despliega-buque-de-guerra-en-jalisco\/","title":{"rendered":"Semar despliega buque de guerra en Jalisco"},"content":{"rendered":"<p style=\"text-align: justify;\">Puerto Vallarta.- La Secretar\u00eda de Marina (Semar) reforz\u00f3 la seguridad en Puerto Vallarta, Jalisco, luego de los hechos de violencia registrados tras la muerte de Nemesio Oseguera Cervantes, alias \u201cEl Mencho\u201d, identificado como l\u00edder del C\u00e1rtel Jalisco Nueva Generaci\u00f3n.<\/p>\n<p style=\"text-align: justify;\">Mediante un comunicado, la dependencia inform\u00f3 que el buque ARM Usumacinta (A-412) atrac\u00f3 en el muelle tres de la Administraci\u00f3n del Sistema Portuario Nacional (ASIPONA) en Puerto Vallarta.<\/p>\n<p style=\"text-align: justify;\">De la embarcaci\u00f3n descendieron 103 elementos de Infanter\u00eda de Marina, apoyados con veh\u00edculos tipo pick-up, quienes se integraron de inmediato a labores de seguridad.<\/p>\n<p style=\"text-align: justify;\">La misi\u00f3n principal del contingente es intensificar la vigilancia y el patrullaje en diversas colonias, en respuesta a recientes agresiones contra establecimientos comerciales y mobiliario urbano.<\/p>\n<p style=\"text-align: justify;\">El ARM \u201cUsumacinta\u201d pertenece a la Fuerza Naval del Pac\u00edfico, con sede en Manzanillo, Colima, y opera como plataforma log\u00edstica de alto impacto. Entre sus capacidades destacan:<\/p>\n<ul style=\"text-align: justify;\">\n<li>Transporte: Puede movilizar hasta dos compa\u00f1\u00edas anfibias con equipo t\u00e1ctico completo y 18 veh\u00edculos de asalto.<\/li>\n<li>Carga: Capacidad para transportar hasta dos mil toneladas en cubierta de tanques.<\/li>\n<li>Operaciones a\u00e9reas: Cuenta con cubierta de vuelo para recibir y operar helic\u00f3pteros.<\/li>\n<\/ul>\n<p style=\"text-align: justify;\">La D\u00e9cima Segunda Zona Naval subray\u00f3 que el despliegue no act\u00faa de forma aislada, sino que se integra a un operativo ya en marcha que contempla:<\/p>\n<ul>\n<li style=\"text-align: justify;\">Vigilancia mar\u00edtima y a\u00e9rea: Embarcaciones y aeronaves para monitorear el litoral y zonas urbanas.<\/li>\n<li style=\"text-align: justify;\">Patrullaje terrestre: Recorridos coordinados con apoyo a\u00e9reo y unidades motorizadas.<\/li>\n<li style=\"text-align: justify;\">Trabajo interinstitucional: Coordinaci\u00f3n con autoridades de los tres \u00f3rdenes de gobierno para preservar el Estado de Derecho.<\/li>\n<\/ul>\n","protected":false},"excerpt":{"rendered":"<p>Puerto Vallarta.- La Secretar\u00eda de Marina (Semar) reforz\u00f3 la seguridad en Puerto Vallarta, Jalisco, luego de los hechos de violencia registrados tras la muerte de Nemesio Oseguera Cervantes, alias \u201cEl Mencho\u201d, identificado como l\u00edder del C\u00e1rtel Jalisco Nueva Generaci\u00f3n. Mediante un comunicado, la dependencia inform\u00f3 que el buque ARM Usumacinta (A-412) atrac\u00f3 en el muelle tres de la Administraci\u00f3n del Sistema Portuario Nacional (ASIPONA) en Puerto Vallarta. De la embarcaci\u00f3n descendieron 103 elementos de Infanter\u00eda de Marina, apoyados con veh\u00edculos tipo pick-up, quienes se integraron de inmediato a labores de seguridad. La misi\u00f3n principal del contingente es intensificar la vigilancia [&hellip;]<\/p>\n","protected":false},"author":2,"featured_media":194101,"comment_status":"closed","ping_status":"closed","sticky":false,"template":"","format":"standard","meta":{"_monsterinsights_skip_tracking":false,"_monsterinsights_sitenote_active":false,"_monsterinsights_sitenote_note":"","_monsterinsights_sitenote_category":0,"footnotes":""},"categories":[46],"tags":[],"class_list":["post-194100","post","type-post","status-publish","format-standard","has-post-thumbnail","hentry","category-nacional","post--single"],"_links":{"self":[{"href":"https:\/\/canal7slp.tv\/2026\/wp-json\/wp\/v2\/posts\/194100","targetHints":{"allow":["GET"]}}],"collection":[{"href":"https:\/\/canal7slp.tv\/2026\/wp-json\/wp\/v2\/posts"}],"about":[{"href":"https:\/\/canal7slp.tv\/2026\/wp-json\/wp\/v2\/types\/post"}],"author":[{"embeddable":true,"href":"https:\/\/canal7slp.tv\/2026\/wp-json\/wp\/v2\/users\/2"}],"replies":[{"embeddable":true,"href":"https:\/\/canal7slp.tv\/2026\/wp-json\/wp\/v2\/comments?post=194100"}],"version-history":[{"count":1,"href":"https:\/\/canal7slp.tv\/2026\/wp-json\/wp\/v2\/posts\/194100\/revisions"}],"predecessor-version":[{"id":194102,"href":"https:\/\/canal7slp.tv\/2026\/wp-json\/wp\/v2\/posts\/194100\/revisions\/194102"}],"wp:featuredmedia":[{"embeddable":true,"href":"https:\/\/canal7slp.tv\/2026\/wp-json\/wp\/v2\/media\/194101"}],"wp:attachment":[{"href":"https:\/\/canal7slp.tv\/2026\/wp-json\/wp\/v2\/media?parent=194100"}],"wp:term":[{"taxonomy":"category","embeddable":true,"href":"https:\/\/canal7slp.tv\/2026\/wp-json\/wp\/v2\/categories?post=194100"},{"taxonomy":"post_tag","embeddable":true,"href":"https:\/\/canal7slp.tv\/2026\/wp-json\/wp\/v2\/tags?post=194100"}],"curies":[{"name":"wp","href":"https:\/\/api.w.org\/{rel}","templated":true}]}}