{"id":194088,"date":"2026-02-24T14:45:40","date_gmt":"2026-02-24T20:45:40","guid":{"rendered":"https:\/\/canal7slp.tv\/2026\/?p=194088"},"modified":"2026-02-24T14:45:40","modified_gmt":"2026-02-24T20:45:40","slug":"violencia-en-jalisco-deja-perdidas-por-mas-de-100-mdp","status":"publish","type":"post","link":"https:\/\/canal7slp.tv\/2026\/violencia-en-jalisco-deja-perdidas-por-mas-de-100-mdp\/","title":{"rendered":"Violencia en Jalisco deja p\u00e9rdidas por m\u00e1s de 100 mdp"},"content":{"rendered":"<p style=\"text-align: justify;\">Guadalajara.- El Consejo de C\u00e1maras Industriales de Jalisco (CCIJ) inform\u00f3 que las p\u00e9rdidas econ\u00f3micas derivadas de los hechos violentos posteriores a la captura y muerte de Nemesio Oseguera Cervantes, alias \u201cEl Mencho\u201d, superan los 100 millones de pesos.<\/p>\n<p style=\"text-align: justify;\">Antonio Lancaster Jones Gonz\u00e1lez, presidente del CCIJ, se\u00f1al\u00f3 que el impacto econ\u00f3mico contin\u00faa en proceso de evaluaci\u00f3n, aunque confirm\u00f3 que la afectaci\u00f3n fue considerable para el sector productivo.<\/p>\n<p style=\"text-align: justify;\">Durante los hechos de violencia:<\/p>\n<ul style=\"text-align: justify;\">\n<li>Aproximadamente dos mil 800 trabajadores tuvieron que resguardarse y no pudieron salir de sus centros laborales.<\/li>\n<li>Se implementaron operativos especiales para su traslado mediante camiones privados, con apoyo del Gobierno del Estado.<\/li>\n<li>Se registr\u00f3 un ausentismo del 90% en el momento m\u00e1s cr\u00edtico.<\/li>\n<li>En el turno nocturno del lunes, el ausentismo fue del 40%.<\/li>\n<\/ul>\n<p style=\"text-align: justify;\">Pese a este escenario, Lancaster asegur\u00f3 que actualmente el 100% de las empresas industriales ya se encuentran operando, con un ausentismo promedio reducido al 3%.<\/p>\n<p style=\"text-align: justify;\">Guillermo del R\u00edo, presidente de Index Occidente, inform\u00f3 que todas las empresas del sector maquilador han reanudado actividades y liberado los embarques de exportaci\u00f3n. Asimismo, el material transportado en vuelos comerciales fue reactivado.<\/p>\n<p style=\"text-align: justify;\">Por su parte, Fernando Acosta, presidente de la C\u00e1mara de la Industria Alimenticia de Jalisco, detall\u00f3 que la mayor\u00eda de las compa\u00f1\u00edas del sector ya retomaron operaciones, con una asistencia del 97% del personal.<\/p>\n<p style=\"text-align: justify;\">\n","protected":false},"excerpt":{"rendered":"<p>Guadalajara.- El Consejo de C\u00e1maras Industriales de Jalisco (CCIJ) inform\u00f3 que las p\u00e9rdidas econ\u00f3micas derivadas de los hechos violentos posteriores a la captura y muerte de Nemesio Oseguera Cervantes, alias \u201cEl Mencho\u201d, superan los 100 millones de pesos. Antonio Lancaster Jones Gonz\u00e1lez, presidente del CCIJ, se\u00f1al\u00f3 que el impacto econ\u00f3mico contin\u00faa en proceso de evaluaci\u00f3n, aunque confirm\u00f3 que la afectaci\u00f3n fue considerable para el sector productivo. Durante los hechos de violencia: Aproximadamente dos mil 800 trabajadores tuvieron que resguardarse y no pudieron salir de sus centros laborales. Se implementaron operativos especiales para su traslado mediante camiones privados, con apoyo del [&hellip;]<\/p>\n","protected":false},"author":2,"featured_media":194089,"comment_status":"closed","ping_status":"closed","sticky":false,"template":"","format":"standard","meta":{"_monsterinsights_skip_tracking":false,"_monsterinsights_sitenote_active":false,"_monsterinsights_sitenote_note":"","_monsterinsights_sitenote_category":0,"footnotes":""},"categories":[40,46],"tags":[],"class_list":["post-194088","post","type-post","status-publish","format-standard","has-post-thumbnail","hentry","category-economia","category-nacional","post--single"],"_links":{"self":[{"href":"https:\/\/canal7slp.tv\/2026\/wp-json\/wp\/v2\/posts\/194088","targetHints":{"allow":["GET"]}}],"collection":[{"href":"https:\/\/canal7slp.tv\/2026\/wp-json\/wp\/v2\/posts"}],"about":[{"href":"https:\/\/canal7slp.tv\/2026\/wp-json\/wp\/v2\/types\/post"}],"author":[{"embeddable":true,"href":"https:\/\/canal7slp.tv\/2026\/wp-json\/wp\/v2\/users\/2"}],"replies":[{"embeddable":true,"href":"https:\/\/canal7slp.tv\/2026\/wp-json\/wp\/v2\/comments?post=194088"}],"version-history":[{"count":1,"href":"https:\/\/canal7slp.tv\/2026\/wp-json\/wp\/v2\/posts\/194088\/revisions"}],"predecessor-version":[{"id":194090,"href":"https:\/\/canal7slp.tv\/2026\/wp-json\/wp\/v2\/posts\/194088\/revisions\/194090"}],"wp:featuredmedia":[{"embeddable":true,"href":"https:\/\/canal7slp.tv\/2026\/wp-json\/wp\/v2\/media\/194089"}],"wp:attachment":[{"href":"https:\/\/canal7slp.tv\/2026\/wp-json\/wp\/v2\/media?parent=194088"}],"wp:term":[{"taxonomy":"category","embeddable":true,"href":"https:\/\/canal7slp.tv\/2026\/wp-json\/wp\/v2\/categories?post=194088"},{"taxonomy":"post_tag","embeddable":true,"href":"https:\/\/canal7slp.tv\/2026\/wp-json\/wp\/v2\/tags?post=194088"}],"curies":[{"name":"wp","href":"https:\/\/api.w.org\/{rel}","templated":true}]}}