{"id":194079,"date":"2026-02-24T14:16:20","date_gmt":"2026-02-24T20:16:20","guid":{"rendered":"https:\/\/canal7slp.tv\/2026\/?p=194079"},"modified":"2026-02-24T14:16:20","modified_gmt":"2026-02-24T20:16:20","slug":"casa-blanca-activa-nuevo-arancel-universal","status":"publish","type":"post","link":"https:\/\/canal7slp.tv\/2026\/casa-blanca-activa-nuevo-arancel-universal\/","title":{"rendered":"Casa Blanca activa nuevo arancel universal"},"content":{"rendered":"<p style=\"text-align: justify;\">EEUU.- El presidente de Estados Unidos, Donald Trump, implement\u00f3 este martes un arancel global del 15% a las importaciones, medida que present\u00f3 como una soluci\u00f3n temporal tras el fallo de la Corte Suprema de Estados Unidos que anul\u00f3 parte de su esquema de grav\u00e1menes.<\/p>\n<p style=\"text-align: justify;\">La decisi\u00f3n hab\u00eda sido anunciada el viernes anterior en la Casa Blanca, donde el mandatario critic\u00f3 la resoluci\u00f3n judicial que invalid\u00f3 los aranceles \u201crec\u00edprocos\u201d y otras disposiciones sustentadas en la Ley de Poderes de Emergencia Econ\u00f3mica Internacional de 1977.<\/p>\n<p style=\"text-align: justify;\">Inicialmente, Trump propuso un arancel del 10%, pero lo elev\u00f3 al 15% al d\u00eda siguiente como respuesta directa a la anulaci\u00f3n parcial de su pol\u00edtica comercial.<\/p>\n<p style=\"text-align: justify;\">El fallo gener\u00f3 incertidumbre entre los socios comerciales de Estados Unidos, especialmente aquellos que hab\u00edan negociado condiciones preferenciales durante la guerra comercial. Pa\u00edses como Brasil, afectados por los aranceles ahora suspendidos, consideraron que la nueva tarifa los coloca en igualdad de condiciones frente al resto del mundo.<\/p>\n<p style=\"text-align: justify;\">La nueva tarifa fue aplicada bajo la secci\u00f3n 122 de la Ley de Comercio de 1974 y entr\u00f3 en vigor a la medianoche de este martes. Permanecer\u00e1 activa por aproximadamente 150 d\u00edas, hasta el 23 de julio, y solo podr\u00e1 ser prorrogada por el Congreso.<\/p>\n<p style=\"text-align: justify;\">De acuerdo con la Casa Blanca, estar\u00e1n exentos del recargo:<\/p>\n<ul style=\"text-align: justify;\">\n<li>Productos agr\u00edcolas seleccionados<\/li>\n<li>Medicamentos<\/li>\n<li>Minerales cr\u00edticos<\/li>\n<li>Metales destinados a monedas<\/li>\n<li>Algunos productos energ\u00e9ticos y aeroespaciales<\/li>\n<li>Donaciones y equipaje personal<\/li>\n<\/ul>\n<p style=\"text-align: justify;\">Asimismo, sectores que ya enfrentaban aranceles previos no ser\u00e1n impactados por esta nueva disposici\u00f3n.<\/p>\n<p style=\"text-align: justify;\">El dictamen tambi\u00e9n afecta:<\/p>\n<ul style=\"text-align: justify;\">\n<li>Los aranceles \u201crec\u00edprocos\u201d dirigidos a reducir el d\u00e9ficit comercial.<\/li>\n<li>El gravamen adicional del 25% a M\u00e9xico y Canad\u00e1, impuesto para presionar en el combate al tr\u00e1fico de fentanilo.<\/li>\n<li>El incremento de hasta 50% en aranceles a Brasil e India.<\/li>\n<li>Las tarifas a pa\u00edses que suministran crudo a Cuba.<\/li>\n<\/ul>\n<p style=\"text-align: justify;\">Aunque la Casa Blanca podr\u00eda dise\u00f1ar nuevas estrategias para mantener la presi\u00f3n econ\u00f3mica.<\/p>\n<p style=\"text-align: justify;\">El fallo implicaba reactivar la exenci\u00f3n arancelaria para env\u00edos de bajo valor. Sin embargo, Trump reafirm\u00f3 la eliminaci\u00f3n de ese beneficio mediante una orden ejecutiva independiente.<\/p>\n<p style=\"text-align: justify;\">La medida impacta particularmente a plataformas de comercio electr\u00f3nico como Temu y Shein, ya que Estados Unidos continuar\u00e1 cobrando aranceles a productos enviados a trav\u00e9s del sistema postal internacional.<\/p>\n<p style=\"text-align: justify;\">Conforme a la secci\u00f3n 122, la extensi\u00f3n de estos grav\u00e1menes depender\u00e1 del Congreso, actualmente dividido.<\/p>\n<p style=\"text-align: justify;\">El l\u00edder dem\u00f3crata en el Senado, Chuck Schumer, adelant\u00f3 que su partido se opondr\u00e1 a cualquier intento de prolongar la medida, al considerar que el arancel global del 15% elevar\u00e1 precios y afectar\u00e1 a millones de consumidores estadounidenses.<\/p>\n","protected":false},"excerpt":{"rendered":"<p>EEUU.- El presidente de Estados Unidos, Donald Trump, implement\u00f3 este martes un arancel global del 15% a las importaciones, medida que present\u00f3 como una soluci\u00f3n temporal tras el fallo de la Corte Suprema de Estados Unidos que anul\u00f3 parte de su esquema de grav\u00e1menes. La decisi\u00f3n hab\u00eda sido anunciada el viernes anterior en la Casa Blanca, donde el mandatario critic\u00f3 la resoluci\u00f3n judicial que invalid\u00f3 los aranceles \u201crec\u00edprocos\u201d y otras disposiciones sustentadas en la Ley de Poderes de Emergencia Econ\u00f3mica Internacional de 1977. Inicialmente, Trump propuso un arancel del 10%, pero lo elev\u00f3 al 15% al d\u00eda siguiente como respuesta [&hellip;]<\/p>\n","protected":false},"author":2,"featured_media":194081,"comment_status":"closed","ping_status":"closed","sticky":false,"template":"","format":"standard","meta":{"_monsterinsights_skip_tracking":false,"_monsterinsights_sitenote_active":false,"_monsterinsights_sitenote_note":"","_monsterinsights_sitenote_category":0,"footnotes":""},"categories":[40,44],"tags":[],"class_list":["post-194079","post","type-post","status-publish","format-standard","has-post-thumbnail","hentry","category-economia","category-internacional","post--single"],"_links":{"self":[{"href":"https:\/\/canal7slp.tv\/2026\/wp-json\/wp\/v2\/posts\/194079","targetHints":{"allow":["GET"]}}],"collection":[{"href":"https:\/\/canal7slp.tv\/2026\/wp-json\/wp\/v2\/posts"}],"about":[{"href":"https:\/\/canal7slp.tv\/2026\/wp-json\/wp\/v2\/types\/post"}],"author":[{"embeddable":true,"href":"https:\/\/canal7slp.tv\/2026\/wp-json\/wp\/v2\/users\/2"}],"replies":[{"embeddable":true,"href":"https:\/\/canal7slp.tv\/2026\/wp-json\/wp\/v2\/comments?post=194079"}],"version-history":[{"count":1,"href":"https:\/\/canal7slp.tv\/2026\/wp-json\/wp\/v2\/posts\/194079\/revisions"}],"predecessor-version":[{"id":194082,"href":"https:\/\/canal7slp.tv\/2026\/wp-json\/wp\/v2\/posts\/194079\/revisions\/194082"}],"wp:featuredmedia":[{"embeddable":true,"href":"https:\/\/canal7slp.tv\/2026\/wp-json\/wp\/v2\/media\/194081"}],"wp:attachment":[{"href":"https:\/\/canal7slp.tv\/2026\/wp-json\/wp\/v2\/media?parent=194079"}],"wp:term":[{"taxonomy":"category","embeddable":true,"href":"https:\/\/canal7slp.tv\/2026\/wp-json\/wp\/v2\/categories?post=194079"},{"taxonomy":"post_tag","embeddable":true,"href":"https:\/\/canal7slp.tv\/2026\/wp-json\/wp\/v2\/tags?post=194079"}],"curies":[{"name":"wp","href":"https:\/\/api.w.org\/{rel}","templated":true}]}}