{"id":194075,"date":"2026-02-24T13:57:48","date_gmt":"2026-02-24T19:57:48","guid":{"rendered":"https:\/\/canal7slp.tv\/2026\/?p=194075"},"modified":"2026-02-24T13:57:48","modified_gmt":"2026-02-24T19:57:48","slug":"jornada-laboral-de-40-horas-avanza-en-san-lazaro","status":"publish","type":"post","link":"https:\/\/canal7slp.tv\/2026\/jornada-laboral-de-40-horas-avanza-en-san-lazaro\/","title":{"rendered":"Jornada laboral de 40 horas avanza en San L\u00e1zaro"},"content":{"rendered":"<p style=\"text-align: justify;\">M\u00e9xico.- La propuesta para reducir la jornada laboral en M\u00e9xico de 48 a 40 horas semanales avanz\u00f3 este lunes tras ser aprobada por las comisiones unidas de Puntos Constitucionales y de Trabajo y Previsi\u00f3n Social en la C\u00e1mara de Diputados. El dictamen fue avalado sin modificaciones y contempla una implementaci\u00f3n gradual que concluir\u00eda en 2030.<\/p>\n<p style=\"text-align: justify;\">La iniciativa fue impulsada por la presidenta Claudia Sheinbaum y obtuvo el respaldo un\u00e1nime de los 61 legisladores presentes durante la sesi\u00f3n.<\/p>\n<p style=\"text-align: justify;\">El proyecto se\u00f1ala que por cada seis d\u00edas de trabajo, los empleados tendr\u00e1n derecho a al menos un d\u00eda de descanso con salario \u00edntegro. Este punto gener\u00f3 debate, ya que algunos legisladores plantearon la posibilidad de garantizar dos d\u00edas de descanso obligatorios.<\/p>\n<p style=\"text-align: justify;\">El titular de la Secretar\u00eda del Trabajo y Previsi\u00f3n Social, Marath Bola\u00f1os, defendi\u00f3 la aplicaci\u00f3n gradual de la reforma y anunci\u00f3 la creaci\u00f3n de una plataforma digital para supervisar su cumplimiento una vez que entre en vigor.<\/p>\n<p style=\"text-align: justify;\">La reforma establece que:<\/p>\n<ul style=\"text-align: justify;\">\n<li>Las horas extra se pagar\u00e1n con un 100% adicional.<\/li>\n<li>No podr\u00e1n exceder 12 horas semanales, distribuidas en un m\u00e1ximo de cuatro horas diarias durante cuatro d\u00edas.<\/li>\n<li>Si se supera ese l\u00edmite, el empleador deber\u00e1 pagar un 200% adicional.<\/li>\n<li>Se proh\u00edbe que menores de 18 a\u00f1os realicen horas extraordinarias.<\/li>\n<\/ul>\n<p style=\"text-align: justify;\">El r\u00e9gimen transitorio prev\u00e9 que la reducci\u00f3n de la jornada laboral se aplique de manera gradual, comenzando en 2026 con 48 horas, reduci\u00e9ndose a 46 en 2027, a 44 en 2028, a 42 en 2029, y alcanzando las 40 horas en 2030, sin afectar salarios, sueldos o prestaciones.<\/p>\n<p style=\"text-align: justify;\">Durante la discusi\u00f3n, el presidente de la Comisi\u00f3n de Puntos Constitucionales, Leonel Godoy, inform\u00f3 que cualquier reserva o modificaci\u00f3n ser\u00e1 presentada directamente ante el Pleno para su an\u00e1lisis.<\/p>\n<p style=\"text-align: justify;\">Desde el oficialismo, Morena, PT y PVEM defendieron la gradualidad del proyecto al considerar que permitir\u00e1 ajustes sectoriales y evitar\u00e1 impactos negativos en los salarios.<\/p>\n<p style=\"text-align: justify;\">En tanto, PAN, PRI y Movimiento Ciudadano respaldaron la reducci\u00f3n de la jornada, aunque solicitaron mayor claridad sobre el esquema de cinco d\u00edas de trabajo por dos de descanso y propusieron incentivos para mitigar posibles efectos en el empleo y la productividad.<\/p>\n","protected":false},"excerpt":{"rendered":"<p>M\u00e9xico.- La propuesta para reducir la jornada laboral en M\u00e9xico de 48 a 40 horas semanales avanz\u00f3 este lunes tras ser aprobada por las comisiones unidas de Puntos Constitucionales y de Trabajo y Previsi\u00f3n Social en la C\u00e1mara de Diputados. El dictamen fue avalado sin modificaciones y contempla una implementaci\u00f3n gradual que concluir\u00eda en 2030. La iniciativa fue impulsada por la presidenta Claudia Sheinbaum y obtuvo el respaldo un\u00e1nime de los 61 legisladores presentes durante la sesi\u00f3n. El proyecto se\u00f1ala que por cada seis d\u00edas de trabajo, los empleados tendr\u00e1n derecho a al menos un d\u00eda de descanso con salario [&hellip;]<\/p>\n","protected":false},"author":2,"featured_media":194076,"comment_status":"closed","ping_status":"closed","sticky":false,"template":"","format":"standard","meta":{"_monsterinsights_skip_tracking":false,"_monsterinsights_sitenote_active":false,"_monsterinsights_sitenote_note":"","_monsterinsights_sitenote_category":0,"footnotes":""},"categories":[46],"tags":[],"class_list":["post-194075","post","type-post","status-publish","format-standard","has-post-thumbnail","hentry","category-nacional","post--single"],"_links":{"self":[{"href":"https:\/\/canal7slp.tv\/2026\/wp-json\/wp\/v2\/posts\/194075","targetHints":{"allow":["GET"]}}],"collection":[{"href":"https:\/\/canal7slp.tv\/2026\/wp-json\/wp\/v2\/posts"}],"about":[{"href":"https:\/\/canal7slp.tv\/2026\/wp-json\/wp\/v2\/types\/post"}],"author":[{"embeddable":true,"href":"https:\/\/canal7slp.tv\/2026\/wp-json\/wp\/v2\/users\/2"}],"replies":[{"embeddable":true,"href":"https:\/\/canal7slp.tv\/2026\/wp-json\/wp\/v2\/comments?post=194075"}],"version-history":[{"count":1,"href":"https:\/\/canal7slp.tv\/2026\/wp-json\/wp\/v2\/posts\/194075\/revisions"}],"predecessor-version":[{"id":194077,"href":"https:\/\/canal7slp.tv\/2026\/wp-json\/wp\/v2\/posts\/194075\/revisions\/194077"}],"wp:featuredmedia":[{"embeddable":true,"href":"https:\/\/canal7slp.tv\/2026\/wp-json\/wp\/v2\/media\/194076"}],"wp:attachment":[{"href":"https:\/\/canal7slp.tv\/2026\/wp-json\/wp\/v2\/media?parent=194075"}],"wp:term":[{"taxonomy":"category","embeddable":true,"href":"https:\/\/canal7slp.tv\/2026\/wp-json\/wp\/v2\/categories?post=194075"},{"taxonomy":"post_tag","embeddable":true,"href":"https:\/\/canal7slp.tv\/2026\/wp-json\/wp\/v2\/tags?post=194075"}],"curies":[{"name":"wp","href":"https:\/\/api.w.org\/{rel}","templated":true}]}}