{"id":194029,"date":"2026-02-23T19:28:18","date_gmt":"2026-02-24T01:28:18","guid":{"rendered":"https:\/\/canal7slp.tv\/2026\/?p=194029"},"modified":"2026-02-23T19:29:13","modified_gmt":"2026-02-24T01:29:13","slug":"por-hechos-violentos-ausentismo-minimo-en-las-aulas-afirma-el-secretario-de-educacion-estatal","status":"publish","type":"post","link":"https:\/\/canal7slp.tv\/2026\/por-hechos-violentos-ausentismo-minimo-en-las-aulas-afirma-el-secretario-de-educacion-estatal\/","title":{"rendered":"Por hechos violentos ausentismo m\u00ednimo en las aulas, afirma el secretario de Educacion Estatal"},"content":{"rendered":"<p style=\"text-align: justify;\"><span style=\"font-size: 1.21429rem;\">SLP.- Derivado de los hechos violentos en Jalisco y estados circunnvecinos el secretario de Educaci\u00f3n del Gobierno del Estado, Juan Carlos Torres Cedillo, revel\u00f3 que la secretar\u00eda de Educaci\u00f3n P\u00fablica les gir\u00f3 un oficio en donde les pide que las actividades escolares, se traten de llevar con normalidad.<\/span><\/p>\n<p style=\"text-align: justify;\">El funcionario estatal dijo tambi\u00e9n que fueron 7 los estados lo que manifestaron que no hab\u00eda las condiciones seguras para que esto se diera excepto, dijo, el estado de San Luis Potos\u00ed.<\/p>\n<p style=\"text-align: justify;\">Asimsmo, el titular de la SEGE se\u00f1al\u00f3 que dentro de las instrucciones giradas por la SEP se estableci\u00f3 un margen de tolerancia para maestros y alumnos.<\/p>\n<p style=\"text-align: justify;\">Sin embargo, Torres Cedillo se\u00f1al\u00f3 que hubo ausentismo en las aulas al decir tambi\u00e9n que este fue m\u00ednimo.<\/p>\n<p style=\"text-align: justify;\">Por: Claudio Ibarra<\/p>\n","protected":false},"excerpt":{"rendered":"<p>SLP.- Derivado de los hechos violentos en Jalisco y estados circunnvecinos el secretario de Educaci\u00f3n del Gobierno del Estado, Juan Carlos Torres Cedillo, revel\u00f3 que la secretar\u00eda de Educaci\u00f3n P\u00fablica les gir\u00f3 un oficio en donde les pide que las actividades escolares, se traten de llevar con normalidad. El funcionario estatal dijo tambi\u00e9n que fueron 7 los estados lo que manifestaron que no hab\u00eda las condiciones seguras para que esto se diera excepto, dijo, el estado de San Luis Potos\u00ed. Asimsmo, el titular de la SEGE se\u00f1al\u00f3 que dentro de las instrucciones giradas por la SEP se estableci\u00f3 un margen [&hellip;]<\/p>\n","protected":false},"author":2,"featured_media":194056,"comment_status":"closed","ping_status":"closed","sticky":false,"template":"","format":"video","meta":{"_monsterinsights_skip_tracking":false,"_monsterinsights_sitenote_active":false,"_monsterinsights_sitenote_note":"","_monsterinsights_sitenote_category":0,"footnotes":""},"categories":[5,510,45],"tags":[],"class_list":["post-194029","post","type-post","status-publish","format-video","has-post-thumbnail","hentry","category-destacadas","category-gobedoslp","category-localesyregionales","post_format-post-format-video","post--single"],"_links":{"self":[{"href":"https:\/\/canal7slp.tv\/2026\/wp-json\/wp\/v2\/posts\/194029","targetHints":{"allow":["GET"]}}],"collection":[{"href":"https:\/\/canal7slp.tv\/2026\/wp-json\/wp\/v2\/posts"}],"about":[{"href":"https:\/\/canal7slp.tv\/2026\/wp-json\/wp\/v2\/types\/post"}],"author":[{"embeddable":true,"href":"https:\/\/canal7slp.tv\/2026\/wp-json\/wp\/v2\/users\/2"}],"replies":[{"embeddable":true,"href":"https:\/\/canal7slp.tv\/2026\/wp-json\/wp\/v2\/comments?post=194029"}],"version-history":[{"count":3,"href":"https:\/\/canal7slp.tv\/2026\/wp-json\/wp\/v2\/posts\/194029\/revisions"}],"predecessor-version":[{"id":194058,"href":"https:\/\/canal7slp.tv\/2026\/wp-json\/wp\/v2\/posts\/194029\/revisions\/194058"}],"wp:featuredmedia":[{"embeddable":true,"href":"https:\/\/canal7slp.tv\/2026\/wp-json\/wp\/v2\/media\/194056"}],"wp:attachment":[{"href":"https:\/\/canal7slp.tv\/2026\/wp-json\/wp\/v2\/media?parent=194029"}],"wp:term":[{"taxonomy":"category","embeddable":true,"href":"https:\/\/canal7slp.tv\/2026\/wp-json\/wp\/v2\/categories?post=194029"},{"taxonomy":"post_tag","embeddable":true,"href":"https:\/\/canal7slp.tv\/2026\/wp-json\/wp\/v2\/tags?post=194029"}],"curies":[{"name":"wp","href":"https:\/\/api.w.org\/{rel}","templated":true}]}}