{"id":194011,"date":"2026-02-23T18:46:30","date_gmt":"2026-02-24T00:46:30","guid":{"rendered":"https:\/\/canal7slp.tv\/2026\/?p=194011"},"modified":"2026-02-23T18:46:30","modified_gmt":"2026-02-24T00:46:30","slug":"feria-de-empleo-dirigida-a-egresados-de-nivel-superior-impulsa-stps","status":"publish","type":"post","link":"https:\/\/canal7slp.tv\/2026\/feria-de-empleo-dirigida-a-egresados-de-nivel-superior-impulsa-stps\/","title":{"rendered":"Feria de Empleo dirigida a egresados de nivel superior, impulsa STPS"},"content":{"rendered":"<p style=\"text-align: justify;\"><span style=\"font-size: 1.21429rem;\">SLP.- \u201cEmpl\u00e9ate sin L\u00edmites\u201d evento para encontrar trabajo remunerado, se realizar\u00e1 el d\u00eda 26 de febrero y esta edici\u00f3n estar\u00e1 enfocada a j\u00f3venes egresados del nivel superior de estudios, al respecto habl\u00f3 el titular de la Secretar\u00eda del Trabajo y Previsi\u00f3n Social, Cris\u00f3gono S\u00e1nchez Lara.<\/span><\/p>\n<p style=\"text-align: justify;\">\u201cSer\u00e1 un punto de encuentro de 20 empresas de distintos sectores que ofertar\u00e1n m\u00e1s de 300 vacantes formales con prestaciones de ley y contrataci\u00f3n directa, dirigidas principalmente a j\u00f3venes universitarios egresados y ciudadan\u00eda en general\u201d.<\/p>\n<p style=\"text-align: justify;\">El director general de Empleo de la Secretar\u00eda del Trabajo, Luis Cervantes Salgado, extern\u00f3 que la feria Empl\u00e9ate sin L\u00edmites enfocada en j\u00f3venes egresados, es un evento necesario para llevar a los profesionales a las \u00e1reas en donde se tienen vacantes dentro de la industria.<\/p>\n<p style=\"text-align: justify;\">\u201cQue los chavos que puedan salir de una universidad puedan lograr vincularse al empleo (\u2026) estamos esperando una afluencia m\u00e1s o menos de alrededor de 350 a 400 personas\u201d.<\/p>\n<p style=\"text-align: justify;\">El evento se realizar\u00e1 el d\u00eda jueves 26 de febrero por la ma\u00f1ana en la direcci\u00f3n Avenida Chapultepec n\u00famero 1550 y se espera la asistencia de empresas del ramo automotriz y fabriles sat\u00e9lites. La feria es abierta por igual a personas interesadas en encontrar empleo.<\/p>\n<p>Por: Juan Carlos Contreras<\/p>\n","protected":false},"excerpt":{"rendered":"<p>SLP.- \u201cEmpl\u00e9ate sin L\u00edmites\u201d evento para encontrar trabajo remunerado, se realizar\u00e1 el d\u00eda 26 de febrero y esta edici\u00f3n estar\u00e1 enfocada a j\u00f3venes egresados del nivel superior de estudios, al respecto habl\u00f3 el titular de la Secretar\u00eda del Trabajo y Previsi\u00f3n Social, Cris\u00f3gono S\u00e1nchez Lara. \u201cSer\u00e1 un punto de encuentro de 20 empresas de distintos sectores que ofertar\u00e1n m\u00e1s de 300 vacantes formales con prestaciones de ley y contrataci\u00f3n directa, dirigidas principalmente a j\u00f3venes universitarios egresados y ciudadan\u00eda en general\u201d. El director general de Empleo de la Secretar\u00eda del Trabajo, Luis Cervantes Salgado, extern\u00f3 que la feria Empl\u00e9ate sin L\u00edmites [&hellip;]<\/p>\n","protected":false},"author":2,"featured_media":194019,"comment_status":"closed","ping_status":"closed","sticky":false,"template":"","format":"video","meta":{"_monsterinsights_skip_tracking":false,"_monsterinsights_sitenote_active":false,"_monsterinsights_sitenote_note":"","_monsterinsights_sitenote_category":0,"footnotes":""},"categories":[5,45],"tags":[],"class_list":["post-194011","post","type-post","status-publish","format-video","has-post-thumbnail","hentry","category-destacadas","category-localesyregionales","post_format-post-format-video","post--single"],"_links":{"self":[{"href":"https:\/\/canal7slp.tv\/2026\/wp-json\/wp\/v2\/posts\/194011","targetHints":{"allow":["GET"]}}],"collection":[{"href":"https:\/\/canal7slp.tv\/2026\/wp-json\/wp\/v2\/posts"}],"about":[{"href":"https:\/\/canal7slp.tv\/2026\/wp-json\/wp\/v2\/types\/post"}],"author":[{"embeddable":true,"href":"https:\/\/canal7slp.tv\/2026\/wp-json\/wp\/v2\/users\/2"}],"replies":[{"embeddable":true,"href":"https:\/\/canal7slp.tv\/2026\/wp-json\/wp\/v2\/comments?post=194011"}],"version-history":[{"count":3,"href":"https:\/\/canal7slp.tv\/2026\/wp-json\/wp\/v2\/posts\/194011\/revisions"}],"predecessor-version":[{"id":194038,"href":"https:\/\/canal7slp.tv\/2026\/wp-json\/wp\/v2\/posts\/194011\/revisions\/194038"}],"wp:featuredmedia":[{"embeddable":true,"href":"https:\/\/canal7slp.tv\/2026\/wp-json\/wp\/v2\/media\/194019"}],"wp:attachment":[{"href":"https:\/\/canal7slp.tv\/2026\/wp-json\/wp\/v2\/media?parent=194011"}],"wp:term":[{"taxonomy":"category","embeddable":true,"href":"https:\/\/canal7slp.tv\/2026\/wp-json\/wp\/v2\/categories?post=194011"},{"taxonomy":"post_tag","embeddable":true,"href":"https:\/\/canal7slp.tv\/2026\/wp-json\/wp\/v2\/tags?post=194011"}],"curies":[{"name":"wp","href":"https:\/\/api.w.org\/{rel}","templated":true}]}}