{"id":193998,"date":"2026-02-23T15:23:41","date_gmt":"2026-02-23T21:23:41","guid":{"rendered":"https:\/\/canal7slp.tv\/2026\/?p=193998"},"modified":"2026-02-23T15:23:41","modified_gmt":"2026-02-23T21:23:41","slug":"fgr-confirma-muerte-de-el-mencho-tras-identificacion-genetica","status":"publish","type":"post","link":"https:\/\/canal7slp.tv\/2026\/fgr-confirma-muerte-de-el-mencho-tras-identificacion-genetica\/","title":{"rendered":"FGR confirma muerte de \u201cEl Mencho\u201d tras identificaci\u00f3n gen\u00e9tica"},"content":{"rendered":"<p style=\"text-align: justify;\">M\u00e9xico.- La Fiscal\u00eda General de la Rep\u00fablica (FGR) confirm\u00f3 la muerte de Nemesio Rub\u00e9n Oseguera Cervantes, conocido como \u201cEl Mencho\u201d, l\u00edder del C\u00e1rtel Jalisco Nueva Generaci\u00f3n (CJNG), tras un exhaustivo an\u00e1lisis forense que permiti\u00f3 su identificaci\u00f3n gen\u00e9tica.<\/p>\n<p style=\"text-align: justify;\">El secretario de Seguridad y Protecci\u00f3n Ciudadana, Omar Garc\u00eda Harfuch, adelant\u00f3 la noticia durante la conferencia conocida como la Ma\u00f1anera del Pueblo, al se\u00f1alar que \u201cya los tiene identificados y confirmados\u201d. La declaraci\u00f3n hizo referencia al peritaje practicado no solo al cuerpo de Oseguera Cervantes, sino tambi\u00e9n a dos integrantes de su c\u00edrculo de seguridad que fallecieron en el mismo operativo.<\/p>\n<p style=\"text-align: justify;\">En un comunicado, la FGR inform\u00f3 que el Ministerio P\u00fablico Federal, a trav\u00e9s de la Fiscal\u00eda Especializada en Materia de Delincuencia Organizada (FEMDO), realiz\u00f3 las diligencias de reconocimiento y las necropsias correspondientes a las tres personas que murieron durante su traslado desde Jalisco a la Ciudad de M\u00e9xico.<\/p>\n<p style=\"text-align: justify;\">Asimismo, la dependencia detall\u00f3 que, gracias al trabajo pericial de la Agencia de Investigaci\u00f3n Criminal (AIC), el cuerpo identificado como Rub\u00e9n N. fue confirmado mediante pruebas gen\u00e9ticas, consolidando oficialmente la identidad del l\u00edder del CJNG.<\/p>\n<p style=\"text-align: justify;\">De manera paralela, personal ministerial, pericial y de la Polic\u00eda Federal Ministerial se traslad\u00f3 a Tapalpa, Jalisco, para el levantamiento de los cuerpos de cuatro presuntos integrantes del CJNG abatidos durante el operativo del 22 de febrero.<\/p>\n<p style=\"text-align: justify;\">Sobre el destino del cad\u00e1ver, Garc\u00eda Harfuch explic\u00f3 que, conforme a los procedimientos habituales, los familiares pueden reclamar el cuerpo para su entrega, aunque no se precisaron fechas ni condiciones espec\u00edficas.<\/p>\n","protected":false},"excerpt":{"rendered":"<p>M\u00e9xico.- La Fiscal\u00eda General de la Rep\u00fablica (FGR) confirm\u00f3 la muerte de Nemesio Rub\u00e9n Oseguera Cervantes, conocido como \u201cEl Mencho\u201d, l\u00edder del C\u00e1rtel Jalisco Nueva Generaci\u00f3n (CJNG), tras un exhaustivo an\u00e1lisis forense que permiti\u00f3 su identificaci\u00f3n gen\u00e9tica. El secretario de Seguridad y Protecci\u00f3n Ciudadana, Omar Garc\u00eda Harfuch, adelant\u00f3 la noticia durante la conferencia conocida como la Ma\u00f1anera del Pueblo, al se\u00f1alar que \u201cya los tiene identificados y confirmados\u201d. La declaraci\u00f3n hizo referencia al peritaje practicado no solo al cuerpo de Oseguera Cervantes, sino tambi\u00e9n a dos integrantes de su c\u00edrculo de seguridad que fallecieron en el mismo operativo. En un [&hellip;]<\/p>\n","protected":false},"author":2,"featured_media":193999,"comment_status":"closed","ping_status":"closed","sticky":false,"template":"","format":"standard","meta":{"_monsterinsights_skip_tracking":false,"_monsterinsights_sitenote_active":false,"_monsterinsights_sitenote_note":"","_monsterinsights_sitenote_category":0,"footnotes":""},"categories":[46],"tags":[],"class_list":["post-193998","post","type-post","status-publish","format-standard","has-post-thumbnail","hentry","category-nacional","post--single"],"_links":{"self":[{"href":"https:\/\/canal7slp.tv\/2026\/wp-json\/wp\/v2\/posts\/193998","targetHints":{"allow":["GET"]}}],"collection":[{"href":"https:\/\/canal7slp.tv\/2026\/wp-json\/wp\/v2\/posts"}],"about":[{"href":"https:\/\/canal7slp.tv\/2026\/wp-json\/wp\/v2\/types\/post"}],"author":[{"embeddable":true,"href":"https:\/\/canal7slp.tv\/2026\/wp-json\/wp\/v2\/users\/2"}],"replies":[{"embeddable":true,"href":"https:\/\/canal7slp.tv\/2026\/wp-json\/wp\/v2\/comments?post=193998"}],"version-history":[{"count":1,"href":"https:\/\/canal7slp.tv\/2026\/wp-json\/wp\/v2\/posts\/193998\/revisions"}],"predecessor-version":[{"id":194000,"href":"https:\/\/canal7slp.tv\/2026\/wp-json\/wp\/v2\/posts\/193998\/revisions\/194000"}],"wp:featuredmedia":[{"embeddable":true,"href":"https:\/\/canal7slp.tv\/2026\/wp-json\/wp\/v2\/media\/193999"}],"wp:attachment":[{"href":"https:\/\/canal7slp.tv\/2026\/wp-json\/wp\/v2\/media?parent=193998"}],"wp:term":[{"taxonomy":"category","embeddable":true,"href":"https:\/\/canal7slp.tv\/2026\/wp-json\/wp\/v2\/categories?post=193998"},{"taxonomy":"post_tag","embeddable":true,"href":"https:\/\/canal7slp.tv\/2026\/wp-json\/wp\/v2\/tags?post=193998"}],"curies":[{"name":"wp","href":"https:\/\/api.w.org\/{rel}","templated":true}]}}