{"id":193992,"date":"2026-02-23T15:07:07","date_gmt":"2026-02-23T21:07:07","guid":{"rendered":"https:\/\/canal7slp.tv\/2026\/?p=193992"},"modified":"2026-02-23T15:07:07","modified_gmt":"2026-02-23T21:07:07","slug":"sat-e-ine-suspenden-actividades-en-varios-estados-por-situacion-de-seguridad","status":"publish","type":"post","link":"https:\/\/canal7slp.tv\/2026\/sat-e-ine-suspenden-actividades-en-varios-estados-por-situacion-de-seguridad\/","title":{"rendered":"SAT e INE suspenden actividades en varios estados por situaci\u00f3n de seguridad"},"content":{"rendered":"<p style=\"text-align: justify;\">El Servicio de Administraci\u00f3n Tributaria (SAT) ha informado que, como medida preventiva ante la situaci\u00f3n de seguridad en diversas entidades del pa\u00eds, algunas oficinas y M\u00f3dulos de Servicios Tributarios (MST) suspender\u00e1n actividades este lunes 23 de febrero en los estados de Jalisco, Michoac\u00e1n, Nayarit y Colima.<\/p>\n<p style=\"text-align: justify;\">Oficinas y m\u00f3dulos afectados:<\/p>\n<p style=\"text-align: justify;\">En Jalisco:<\/p>\n<p style=\"text-align: justify;\">Oficinas Desconcentradas:<\/p>\n<ul style=\"text-align: justify;\">\n<li>Jalisco 1 (Guadalajara)<\/li>\n<li>Jalisco 2 (Guadalajara Sur)<\/li>\n<li>Jalisco 3 (Zapopan)<\/li>\n<\/ul>\n<p style=\"text-align: justify;\">MST:<\/p>\n<ul style=\"text-align: justify;\">\n<li>Puerto Vallarta<\/li>\n<li>Ocotl\u00e1n<\/li>\n<li>Autl\u00e1n de Navarro<\/li>\n<li>Ciudad Guzm\u00e1n<\/li>\n<li>Tepatitl\u00e1n<\/li>\n<li>Lagos de Moreno<\/li>\n<\/ul>\n<p style=\"text-align: justify;\">En Michoac\u00e1n:<\/p>\n<p style=\"text-align: justify;\">Oficina Desconcentrada:<\/p>\n<ul style=\"text-align: justify;\">\n<li>Michoac\u00e1n 1 (Morelia)<\/li>\n<\/ul>\n<p style=\"text-align: justify;\">M\u00f3dulos:<\/p>\n<ul style=\"text-align: justify;\">\n<li>Apatzing\u00e1n<\/li>\n<li>La Piedad<\/li>\n<li>L\u00e1zaro C\u00e1rdenas<\/li>\n<li>P\u00e1tzcuaro<\/li>\n<li>Sahuayo<\/li>\n<li>Uruapan<\/li>\n<li>Zamora<\/li>\n<li>Zit\u00e1cuaro<\/li>\n<\/ul>\n<p style=\"text-align: justify;\">En Colima:<\/p>\n<ul style=\"text-align: justify;\">\n<li>MST de Manzanillo.<\/li>\n<\/ul>\n<p style=\"text-align: justify;\">En Nayarit:<\/p>\n<ul style=\"text-align: justify;\">\n<li>Oficina Desconcentrada Nayarit 1 (Tepic).<\/li>\n<\/ul>\n<p style=\"text-align: justify;\">El SAT reprogramar\u00e1 las citas confirmadas para tr\u00e1mites presenciales una vez que se reanuden las actividades y pidi\u00f3 a los contribuyentes mantenerse informados a trav\u00e9s de sus canales oficiales: sat.gob.mx, Instagram (@satmx), YouTube (@satmx), Facebook (SAT M\u00e9x) y comunicados de prensa.<\/p>\n<p style=\"text-align: justify;\">El Instituto Nacional Electoral (INE) tambi\u00e9n anunci\u00f3 que los m\u00f3dulos de atenci\u00f3n ciudadana en Jalisco y Nayarit permanecer\u00e1n cerrados hasta nuevo aviso, as\u00ed como en otros estados donde las autoridades locales determinen suspensiones de actividades no esenciales.<\/p>\n<p style=\"text-align: justify;\">A partir de este lunes, las oficinas regionales del INE trabajar\u00e1n bajo la modalidad de home office para evitar desplazamientos de su personal y priorizar su seguridad. Esta decisi\u00f3n se tom\u00f3 tras evaluar los riesgos por los recientes ataques, bloqueos y enfrentamientos en la v\u00eda p\u00fablica.<\/p>\n<p style=\"text-align: justify;\">El INE subray\u00f3 su compromiso de actuar con responsabilidad y prudencia para proteger tanto a los ciudadanos que realizan tr\u00e1mites relacionados con su Credencial para Votar como al personal que labora en sus instalaciones.<\/p>\n<p style=\"text-align: justify;\">\n","protected":false},"excerpt":{"rendered":"<p>El Servicio de Administraci\u00f3n Tributaria (SAT) ha informado que, como medida preventiva ante la situaci\u00f3n de seguridad en diversas entidades del pa\u00eds, algunas oficinas y M\u00f3dulos de Servicios Tributarios (MST) suspender\u00e1n actividades este lunes 23 de febrero en los estados de Jalisco, Michoac\u00e1n, Nayarit y Colima. Oficinas y m\u00f3dulos afectados: En Jalisco: Oficinas Desconcentradas: Jalisco 1 (Guadalajara) Jalisco 2 (Guadalajara Sur) Jalisco 3 (Zapopan) MST: Puerto Vallarta Ocotl\u00e1n Autl\u00e1n de Navarro Ciudad Guzm\u00e1n Tepatitl\u00e1n Lagos de Moreno En Michoac\u00e1n: Oficina Desconcentrada: Michoac\u00e1n 1 (Morelia) M\u00f3dulos: Apatzing\u00e1n La Piedad L\u00e1zaro C\u00e1rdenas P\u00e1tzcuaro Sahuayo Uruapan Zamora Zit\u00e1cuaro En Colima: MST de Manzanillo. [&hellip;]<\/p>\n","protected":false},"author":2,"featured_media":193993,"comment_status":"closed","ping_status":"closed","sticky":false,"template":"","format":"standard","meta":{"_monsterinsights_skip_tracking":false,"_monsterinsights_sitenote_active":false,"_monsterinsights_sitenote_note":"","_monsterinsights_sitenote_category":0,"footnotes":""},"categories":[46],"tags":[],"class_list":["post-193992","post","type-post","status-publish","format-standard","has-post-thumbnail","hentry","category-nacional","post--single"],"_links":{"self":[{"href":"https:\/\/canal7slp.tv\/2026\/wp-json\/wp\/v2\/posts\/193992","targetHints":{"allow":["GET"]}}],"collection":[{"href":"https:\/\/canal7slp.tv\/2026\/wp-json\/wp\/v2\/posts"}],"about":[{"href":"https:\/\/canal7slp.tv\/2026\/wp-json\/wp\/v2\/types\/post"}],"author":[{"embeddable":true,"href":"https:\/\/canal7slp.tv\/2026\/wp-json\/wp\/v2\/users\/2"}],"replies":[{"embeddable":true,"href":"https:\/\/canal7slp.tv\/2026\/wp-json\/wp\/v2\/comments?post=193992"}],"version-history":[{"count":1,"href":"https:\/\/canal7slp.tv\/2026\/wp-json\/wp\/v2\/posts\/193992\/revisions"}],"predecessor-version":[{"id":193994,"href":"https:\/\/canal7slp.tv\/2026\/wp-json\/wp\/v2\/posts\/193992\/revisions\/193994"}],"wp:featuredmedia":[{"embeddable":true,"href":"https:\/\/canal7slp.tv\/2026\/wp-json\/wp\/v2\/media\/193993"}],"wp:attachment":[{"href":"https:\/\/canal7slp.tv\/2026\/wp-json\/wp\/v2\/media?parent=193992"}],"wp:term":[{"taxonomy":"category","embeddable":true,"href":"https:\/\/canal7slp.tv\/2026\/wp-json\/wp\/v2\/categories?post=193992"},{"taxonomy":"post_tag","embeddable":true,"href":"https:\/\/canal7slp.tv\/2026\/wp-json\/wp\/v2\/tags?post=193992"}],"curies":[{"name":"wp","href":"https:\/\/api.w.org\/{rel}","templated":true}]}}