{"id":193986,"date":"2026-02-23T14:48:54","date_gmt":"2026-02-23T20:48:54","guid":{"rendered":"https:\/\/canal7slp.tv\/2026\/?p=193986"},"modified":"2026-02-23T14:48:54","modified_gmt":"2026-02-23T20:48:54","slug":"aeromexico-reactiva-rutas-clave-y-activa-politica-de-proteccion","status":"publish","type":"post","link":"https:\/\/canal7slp.tv\/2026\/aeromexico-reactiva-rutas-clave-y-activa-politica-de-proteccion\/","title":{"rendered":"Aerom\u00e9xico reactiva rutas clave y activa pol\u00edtica de protecci\u00f3n"},"content":{"rendered":"<p style=\"text-align: justify;\">M\u00e9xico.- La aerol\u00ednea Aerom\u00e9xico inform\u00f3 que este lunes reanudar\u00e1 operaciones hacia Guadalajara, Puerto Vallarta y Manzanillo, luego de realizar ajustes el domingo ante las condiciones de seguridad registradas en Jalisco y otras entidades tras la muerte de Nemesio Oseguera Cervantes, alias \u201cEl Mencho\u201d.<\/p>\n<p style=\"text-align: justify;\">En un comunicado, la compa\u00f1\u00eda detall\u00f3 que mantiene una pol\u00edtica de protecci\u00f3n para pasajeros con boletos expedidos con placa 139, incluido c\u00f3digo compartido AM, emitidos en o antes del 22 de febrero de 2026.<\/p>\n<p style=\"text-align: justify;\">La medida estar\u00e1 vigente hasta el mi\u00e9rcoles 25 de febrero y aplica para vuelos cancelados desde y hacia:<\/p>\n<ul style=\"text-align: justify;\">\n<li>Guadalajara<\/li>\n<li>Puerto Vallarta<\/li>\n<li>Manzanillo<\/li>\n<li>Tepic<\/li>\n<\/ul>\n<p style=\"text-align: justify;\">Los pasajeros podr\u00e1n:<\/p>\n<ul style=\"text-align: justify;\">\n<li>Cambiar fecha sin cargo adicional<\/li>\n<li>Mantener la misma ruta y cabina sin pagar diferencia, si aplica<\/li>\n<li>Cambiar de ruta sin penalizaci\u00f3n<\/li>\n<li>Evitar el cargo por expedici\u00f3n de boleto<\/li>\n<\/ul>\n<p style=\"text-align: justify;\">En caso de existir diferencia tarifaria entre el boleto original y el nuevo itinerario, esta deber\u00e1 cubrirse al momento del cambio.<\/p>\n<p style=\"text-align: justify;\">Mientras Aerom\u00e9xico retoma operaciones, aerol\u00edneas como Air Canada, Delta Air Lines y United Airlines mantienen cancelaciones hacia y desde Puerto Vallarta (PVR), uno de los principales destinos tur\u00edsticos de Am\u00e9rica del Norte.<\/p>\n<p style=\"text-align: justify;\">El aeropuerto report\u00f3 este lunes m\u00faltiples vuelos cancelados, principalmente con origen o destino en ciudades como:<\/p>\n<ul style=\"text-align: justify;\">\n<li>Houston<\/li>\n<li>Minneapolis<\/li>\n<li>Los \u00c1ngeles<\/li>\n<li>Denver<\/li>\n<li>Diversas ciudades canadienses<\/li>\n<\/ul>\n<p style=\"text-align: justify;\">Air Canada inform\u00f3 a trav\u00e9s de redes sociales que sus vuelos hacia y desde Puerto Vallarta permanecer\u00edan suspendidos debido a la situaci\u00f3n de seguridad en la regi\u00f3n.<\/p>\n<p style=\"text-align: justify;\">En contraste, American Airlines oper\u00f3 con normalidad. En Guadalajara, rutas desde Atlanta, Houston y Phoenix se mantuvieron activas, con excepci\u00f3n del vuelo procedente de Salt Lake City.<\/p>\n<p style=\"text-align: justify;\">La ola de violencia registrada tras la muerte de \u201cEl Mencho\u201d en un operativo del Ej\u00e9rcito dej\u00f3 un saldo preliminar de:<\/p>\n<ul style=\"text-align: justify;\">\n<li>25 militares fallecidos<\/li>\n<li>Un custodio<\/li>\n<li>Un agente de la Fiscal\u00eda General del Estado de Jalisco<\/li>\n<li>30 presuntos integrantes del CJNG abatidos<\/li>\n<\/ul>\n<p style=\"text-align: justify;\">Adem\u00e1s, se contabilizaron 85 bloqueos en carreteras federales, as\u00ed como ataques a negocios y gasolineras.<\/p>\n<p style=\"text-align: justify;\">El Departamento de Estado de Estados Unidos emiti\u00f3 una alerta de viaje, exhortando a ciudadanos estadounidenses en distintas ciudades mexicanas a resguardarse ante la actividad criminal.<\/p>\n<p style=\"text-align: justify;\">Por su parte, la presidenta Claudia Sheinbaum asegur\u00f3 que las carreteras se encuentran libres y que se prev\u00e9 el restablecimiento total de vuelos a lo largo del d\u00eda.<\/p>\n<p style=\"text-align: justify;\">\n","protected":false},"excerpt":{"rendered":"<p>M\u00e9xico.- La aerol\u00ednea Aerom\u00e9xico inform\u00f3 que este lunes reanudar\u00e1 operaciones hacia Guadalajara, Puerto Vallarta y Manzanillo, luego de realizar ajustes el domingo ante las condiciones de seguridad registradas en Jalisco y otras entidades tras la muerte de Nemesio Oseguera Cervantes, alias \u201cEl Mencho\u201d. En un comunicado, la compa\u00f1\u00eda detall\u00f3 que mantiene una pol\u00edtica de protecci\u00f3n para pasajeros con boletos expedidos con placa 139, incluido c\u00f3digo compartido AM, emitidos en o antes del 22 de febrero de 2026. La medida estar\u00e1 vigente hasta el mi\u00e9rcoles 25 de febrero y aplica para vuelos cancelados desde y hacia: Guadalajara Puerto Vallarta Manzanillo Tepic [&hellip;]<\/p>\n","protected":false},"author":2,"featured_media":193988,"comment_status":"closed","ping_status":"closed","sticky":false,"template":"","format":"standard","meta":{"_monsterinsights_skip_tracking":false,"_monsterinsights_sitenote_active":false,"_monsterinsights_sitenote_note":"","_monsterinsights_sitenote_category":0,"footnotes":""},"categories":[40,46],"tags":[],"class_list":["post-193986","post","type-post","status-publish","format-standard","has-post-thumbnail","hentry","category-economia","category-nacional","post--single"],"_links":{"self":[{"href":"https:\/\/canal7slp.tv\/2026\/wp-json\/wp\/v2\/posts\/193986","targetHints":{"allow":["GET"]}}],"collection":[{"href":"https:\/\/canal7slp.tv\/2026\/wp-json\/wp\/v2\/posts"}],"about":[{"href":"https:\/\/canal7slp.tv\/2026\/wp-json\/wp\/v2\/types\/post"}],"author":[{"embeddable":true,"href":"https:\/\/canal7slp.tv\/2026\/wp-json\/wp\/v2\/users\/2"}],"replies":[{"embeddable":true,"href":"https:\/\/canal7slp.tv\/2026\/wp-json\/wp\/v2\/comments?post=193986"}],"version-history":[{"count":1,"href":"https:\/\/canal7slp.tv\/2026\/wp-json\/wp\/v2\/posts\/193986\/revisions"}],"predecessor-version":[{"id":193987,"href":"https:\/\/canal7slp.tv\/2026\/wp-json\/wp\/v2\/posts\/193986\/revisions\/193987"}],"wp:featuredmedia":[{"embeddable":true,"href":"https:\/\/canal7slp.tv\/2026\/wp-json\/wp\/v2\/media\/193988"}],"wp:attachment":[{"href":"https:\/\/canal7slp.tv\/2026\/wp-json\/wp\/v2\/media?parent=193986"}],"wp:term":[{"taxonomy":"category","embeddable":true,"href":"https:\/\/canal7slp.tv\/2026\/wp-json\/wp\/v2\/categories?post=193986"},{"taxonomy":"post_tag","embeddable":true,"href":"https:\/\/canal7slp.tv\/2026\/wp-json\/wp\/v2\/tags?post=193986"}],"curies":[{"name":"wp","href":"https:\/\/api.w.org\/{rel}","templated":true}]}}