{"id":193977,"date":"2026-02-23T14:19:31","date_gmt":"2026-02-23T20:19:31","guid":{"rendered":"https:\/\/canal7slp.tv\/2026\/?p=193977"},"modified":"2026-02-23T14:19:31","modified_gmt":"2026-02-23T20:19:31","slug":"canada-espera-estabilizacion-en-mexico-tras-muerte-de-el-mencho","status":"publish","type":"post","link":"https:\/\/canal7slp.tv\/2026\/canada-espera-estabilizacion-en-mexico-tras-muerte-de-el-mencho\/","title":{"rendered":"Canad\u00e1 espera estabilizaci\u00f3n en M\u00e9xico tras muerte de \u201cEl Mencho\u201d"},"content":{"rendered":"<p style=\"text-align: justify;\">Ottawa.- El Gobierno de Canad\u00e1 inform\u00f3 este lunes 23 de febrero que autoridades mexicanas prev\u00e9n que la situaci\u00f3n de seguridad en el pa\u00eds se normalice \u201cen los pr\u00f3ximos d\u00edas\u201d, tras los hechos violentos registrados desde el domingo a ra\u00edz de la muerte de Nemesio Oseguera Cervantes, alias \u201cEl Mencho\u201d, identificado como l\u00edder del C\u00e1rtel Nueva Generaci\u00f3n (CNG).<\/p>\n<p style=\"text-align: justify;\">La ministra de Asuntos Exteriores de Canad\u00e1, Anita Anand, declar\u00f3 en rueda de prensa que mantiene comunicaci\u00f3n con su hom\u00f3logo mexicano, Marcelo Ebrard.<\/p>\n<p style=\"text-align: justify;\">Seg\u00fan explic\u00f3, el canciller mexicano le transmiti\u00f3 que se espera una pronta estabilizaci\u00f3n en diversas regiones afectadas por los recientes episodios de violencia.<\/p>\n<p style=\"text-align: justify;\">Anand manifest\u00f3 su preocupaci\u00f3n por la rapidez con la que evolucionaron los acontecimientos de seguridad, particularmente en:<\/p>\n<ul style=\"text-align: justify;\">\n<li>Jalisco<\/li>\n<li>Guerrero<\/li>\n<li>Michoac\u00e1n<\/li>\n<li>Sinaloa<\/li>\n<li>Quintana Roo<\/li>\n<li>Baja California<\/li>\n<\/ul>\n<p style=\"text-align: justify;\">La ministra indic\u00f3 que, de acuerdo con la informaci\u00f3n recibida, la operaci\u00f3n que deriv\u00f3 en la muerte de \u201cEl Mencho\u201d fue \u201cpuntual\u201d y no se prev\u00e9n acciones similares en el corto plazo.<\/p>\n<p style=\"text-align: justify;\">Tambi\u00e9n precis\u00f3 que el Gobierno canadiense no fue notificado previamente sobre dicho operativo.<\/p>\n<p style=\"text-align: justify;\">Al ser cuestionada sobre si Ottawa considera que M\u00e9xico tiene el control de la situaci\u00f3n, Anand respondi\u00f3 que las autoridades mexicanas han asegurado que el escenario \u201cdeber\u00eda estabilizarse\u201d en breve.<\/p>\n<p style=\"text-align: justify;\">Ante los acontecimientos, el Ministerio de Asuntos Exteriores de Canad\u00e1 emiti\u00f3 una actualizaci\u00f3n de su aviso de viaje, recomendando a sus ciudadanos evitar desplazamientos no esenciales a m\u00e1s de la mitad del territorio mexicano debido a los altos niveles de violencia vinculados al crimen organizado.<\/p>\n<p style=\"text-align: justify;\">Anand confirm\u00f3 que al menos dos ciudadanos canadienses resultaron heridos durante los ataques atribuidos al CNG el domingo; sin embargo, sus lesiones no ponen en riesgo su vida.<\/p>\n<p style=\"text-align: justify;\">Las autoridades canadienses se\u00f1alaron que continuar\u00e1n monitoreando la situaci\u00f3n y mantendr\u00e1n comunicaci\u00f3n constante con el Gobierno de M\u00e9xico.<\/p>\n","protected":false},"excerpt":{"rendered":"<p>Ottawa.- El Gobierno de Canad\u00e1 inform\u00f3 este lunes 23 de febrero que autoridades mexicanas prev\u00e9n que la situaci\u00f3n de seguridad en el pa\u00eds se normalice \u201cen los pr\u00f3ximos d\u00edas\u201d, tras los hechos violentos registrados desde el domingo a ra\u00edz de la muerte de Nemesio Oseguera Cervantes, alias \u201cEl Mencho\u201d, identificado como l\u00edder del C\u00e1rtel Nueva Generaci\u00f3n (CNG). La ministra de Asuntos Exteriores de Canad\u00e1, Anita Anand, declar\u00f3 en rueda de prensa que mantiene comunicaci\u00f3n con su hom\u00f3logo mexicano, Marcelo Ebrard. Seg\u00fan explic\u00f3, el canciller mexicano le transmiti\u00f3 que se espera una pronta estabilizaci\u00f3n en diversas regiones afectadas por los recientes [&hellip;]<\/p>\n","protected":false},"author":2,"featured_media":193978,"comment_status":"closed","ping_status":"closed","sticky":false,"template":"","format":"standard","meta":{"_monsterinsights_skip_tracking":false,"_monsterinsights_sitenote_active":false,"_monsterinsights_sitenote_note":"","_monsterinsights_sitenote_category":0,"footnotes":""},"categories":[44],"tags":[],"class_list":["post-193977","post","type-post","status-publish","format-standard","has-post-thumbnail","hentry","category-internacional","post--single"],"_links":{"self":[{"href":"https:\/\/canal7slp.tv\/2026\/wp-json\/wp\/v2\/posts\/193977","targetHints":{"allow":["GET"]}}],"collection":[{"href":"https:\/\/canal7slp.tv\/2026\/wp-json\/wp\/v2\/posts"}],"about":[{"href":"https:\/\/canal7slp.tv\/2026\/wp-json\/wp\/v2\/types\/post"}],"author":[{"embeddable":true,"href":"https:\/\/canal7slp.tv\/2026\/wp-json\/wp\/v2\/users\/2"}],"replies":[{"embeddable":true,"href":"https:\/\/canal7slp.tv\/2026\/wp-json\/wp\/v2\/comments?post=193977"}],"version-history":[{"count":1,"href":"https:\/\/canal7slp.tv\/2026\/wp-json\/wp\/v2\/posts\/193977\/revisions"}],"predecessor-version":[{"id":193979,"href":"https:\/\/canal7slp.tv\/2026\/wp-json\/wp\/v2\/posts\/193977\/revisions\/193979"}],"wp:featuredmedia":[{"embeddable":true,"href":"https:\/\/canal7slp.tv\/2026\/wp-json\/wp\/v2\/media\/193978"}],"wp:attachment":[{"href":"https:\/\/canal7slp.tv\/2026\/wp-json\/wp\/v2\/media?parent=193977"}],"wp:term":[{"taxonomy":"category","embeddable":true,"href":"https:\/\/canal7slp.tv\/2026\/wp-json\/wp\/v2\/categories?post=193977"},{"taxonomy":"post_tag","embeddable":true,"href":"https:\/\/canal7slp.tv\/2026\/wp-json\/wp\/v2\/tags?post=193977"}],"curies":[{"name":"wp","href":"https:\/\/api.w.org\/{rel}","templated":true}]}}