{"id":193974,"date":"2026-02-23T14:06:16","date_gmt":"2026-02-23T20:06:16","guid":{"rendered":"https:\/\/canal7slp.tv\/2026\/?p=193974"},"modified":"2026-02-23T17:21:16","modified_gmt":"2026-02-23T23:21:16","slug":"autoridades-revelan-detalles-del-operativo-contra-el-mencho","status":"publish","type":"post","link":"https:\/\/canal7slp.tv\/2026\/autoridades-revelan-detalles-del-operativo-contra-el-mencho\/","title":{"rendered":"Autoridades revelan detalles del operativo contra \u00abEl Mencho\u00bb"},"content":{"rendered":"<p style=\"text-align: justify;\">M\u00e9xico.- Durante la conferencia matutina del lunes 23 de febrero de 2026, el secretario de la Defensa Nacional, Ricardo Trevilla Trejo, el secretario de Seguridad y Protecci\u00f3n Ciudadana, Omar Garc\u00eda Harfuch, y la presidenta Claudia Sheinbaum informaron sobre el operativo que deriv\u00f3 en el abatimiento de Nemesio Rub\u00e9n Oseguera Cervantes, alias \u201cEl Mencho\u201d, l\u00edder del C\u00e1rtel Jalisco Nueva Generaci\u00f3n (CJNG).<\/p>\n<p style=\"text-align: justify;\" data-start=\"1443\" data-end=\"1776\">La presidenta Sheinbaum asegur\u00f3 que las carreteras afectadas por bloqueos ya fueron liberadas y que la situaci\u00f3n comienza a normalizarse. Reconoci\u00f3 la labor de las Fuerzas Armadas, a las que calific\u00f3 como \u201cextraordinarias\u201d y \u201cmuy profesionales\u201d, y expres\u00f3 condolencias a las familias de los elementos fallecidos durante el operativo.<\/p>\n<p style=\"text-align: justify;\" data-start=\"1804\" data-end=\"2019\">El general Trevilla detall\u00f3 que Oseguera encabez\u00f3 uno de los c\u00e1rteles m\u00e1s violentos del pa\u00eds, con presencia en 36 pa\u00edses. Record\u00f3 que el CJNG fue designado como Organizaci\u00f3n Terrorista Extranjera por Estados Unidos.<\/p>\n<p style=\"text-align: justify;\" data-start=\"2021\" data-end=\"2203\">Se\u00f1al\u00f3 que Oseguera inici\u00f3 su trayectoria criminal en la d\u00e9cada de 1990 en Michoac\u00e1n y que, tras la muerte de Ignacio \u201cNacho\u201d Coronel en 2010, consolid\u00f3 el control del grupo en 2012.<\/p>\n<p style=\"text-align: justify;\" data-start=\"2254\" data-end=\"2414\">Oseguera fue incluido en 2016 en la lista de los fugitivos m\u00e1s buscados por Estados Unidos, que ofrec\u00eda recompensas millonarias por informaci\u00f3n para su captura.<\/p>\n<p style=\"text-align: justify;\" data-start=\"2416\" data-end=\"2654\">De acuerdo con Trevilla, la operaci\u00f3n fue posible gracias a labores de inteligencia militar mexicana, con intercambio de informaci\u00f3n con autoridades estadounidenses, sin participaci\u00f3n directa de fuerzas extranjeras en territorio nacional.<\/p>\n<p style=\"text-align: justify;\" data-start=\"2416\" data-end=\"2654\">Cronolog\u00eda del operativo:<\/p>\n<ul style=\"text-align: justify;\" data-start=\"2685\" data-end=\"3225\">\n<li data-start=\"2685\" data-end=\"2830\">\n<p data-start=\"2687\" data-end=\"2830\">20 de febrero: Se localiz\u00f3 a un colaborador cercano a una de las parejas de Oseguera, quien condujo a los elementos hacia Tapalpa, Jalisco.<\/p>\n<\/li>\n<li data-start=\"2831\" data-end=\"3016\">\n<p data-start=\"2833\" data-end=\"3016\">21 de febrero: Se confirm\u00f3 que el l\u00edder criminal permanec\u00eda en la zona con un c\u00edrculo de seguridad, lo que permiti\u00f3 planear el despliegue de Fuerzas Especiales y Guardia Nacional.<\/p>\n<\/li>\n<li data-start=\"3017\" data-end=\"3225\">\n<p data-start=\"3019\" data-end=\"3225\">Noche del 21 y ma\u00f1ana del 22: Se estableci\u00f3 un cerco operativo. El grupo armado abri\u00f3 fuego, lo que deriv\u00f3 en un enfrentamiento con saldo de ocho presuntos delincuentes abatidos y dos militares heridos.<\/p>\n<\/li>\n<\/ul>\n<p style=\"text-align: justify;\" data-start=\"3227\" data-end=\"3394\">Seg\u00fan el informe oficial, Oseguera intent\u00f3 escapar hacia una zona boscosa, donde fue localizado y nuevamente confrontado. Result\u00f3 herido junto con dos de sus escoltas.<\/p>\n<p style=\"text-align: justify;\" data-start=\"3396\" data-end=\"3624\">Durante el traslado para recibir atenci\u00f3n m\u00e9dica, Oseguera y sus acompa\u00f1antes fallecieron. Por razones de seguridad, se modific\u00f3 la ruta inicial hacia Guadalajara y se opt\u00f3 por dirigir el traslado hacia el aeropuerto de Morelia.<\/p>\n<p style=\"text-align: justify;\" data-start=\"3626\" data-end=\"3762\">En el operativo tambi\u00e9n fue abatido Hugo \u201cH\u201d, alias \u201cEl Tuli\u201d, identificado como operador log\u00edstico relevante dentro de la organizaci\u00f3n.<\/p>\n<p style=\"text-align: justify;\" data-start=\"3790\" data-end=\"4051\">Tras la operaci\u00f3n, se desplegaron 2,500 elementos adicionales en Jalisco. Las autoridades reportaron 85 bloqueos en carreteras federales y 70 personas detenidas en distintos estados, como parte de los ataques coordinados posteriores a la muerte de Oseguera.<\/p>\n<p style=\"text-align: justify;\" data-start=\"4053\" data-end=\"4213\" data-is-last-node=\"\" data-is-only-node=\"\">Finalmente, Sheinbaum reiter\u00f3 que el pa\u00eds se encuentra en calma y que las fuerzas federales mantienen presencia estrat\u00e9gica para atender cualquier eventualidad.<\/p>\n","protected":false},"excerpt":{"rendered":"<p>M\u00e9xico.- Durante la conferencia matutina del lunes 23 de febrero de 2026, el secretario de la Defensa Nacional, Ricardo Trevilla Trejo, el secretario de Seguridad y Protecci\u00f3n Ciudadana, Omar Garc\u00eda Harfuch, y la presidenta Claudia Sheinbaum informaron sobre el operativo que deriv\u00f3 en el abatimiento de Nemesio Rub\u00e9n Oseguera Cervantes, alias \u201cEl Mencho\u201d, l\u00edder del C\u00e1rtel Jalisco Nueva Generaci\u00f3n (CJNG). La presidenta Sheinbaum asegur\u00f3 que las carreteras afectadas por bloqueos ya fueron liberadas y que la situaci\u00f3n comienza a normalizarse. Reconoci\u00f3 la labor de las Fuerzas Armadas, a las que calific\u00f3 como \u201cextraordinarias\u201d y \u201cmuy profesionales\u201d, y expres\u00f3 condolencias a [&hellip;]<\/p>\n","protected":false},"author":2,"featured_media":193975,"comment_status":"closed","ping_status":"closed","sticky":false,"template":"","format":"standard","meta":{"_monsterinsights_skip_tracking":false,"_monsterinsights_sitenote_active":false,"_monsterinsights_sitenote_note":"","_monsterinsights_sitenote_category":0,"footnotes":""},"categories":[46],"tags":[],"class_list":["post-193974","post","type-post","status-publish","format-standard","has-post-thumbnail","hentry","category-nacional","post--single"],"_links":{"self":[{"href":"https:\/\/canal7slp.tv\/2026\/wp-json\/wp\/v2\/posts\/193974","targetHints":{"allow":["GET"]}}],"collection":[{"href":"https:\/\/canal7slp.tv\/2026\/wp-json\/wp\/v2\/posts"}],"about":[{"href":"https:\/\/canal7slp.tv\/2026\/wp-json\/wp\/v2\/types\/post"}],"author":[{"embeddable":true,"href":"https:\/\/canal7slp.tv\/2026\/wp-json\/wp\/v2\/users\/2"}],"replies":[{"embeddable":true,"href":"https:\/\/canal7slp.tv\/2026\/wp-json\/wp\/v2\/comments?post=193974"}],"version-history":[{"count":1,"href":"https:\/\/canal7slp.tv\/2026\/wp-json\/wp\/v2\/posts\/193974\/revisions"}],"predecessor-version":[{"id":193976,"href":"https:\/\/canal7slp.tv\/2026\/wp-json\/wp\/v2\/posts\/193974\/revisions\/193976"}],"wp:featuredmedia":[{"embeddable":true,"href":"https:\/\/canal7slp.tv\/2026\/wp-json\/wp\/v2\/media\/193975"}],"wp:attachment":[{"href":"https:\/\/canal7slp.tv\/2026\/wp-json\/wp\/v2\/media?parent=193974"}],"wp:term":[{"taxonomy":"category","embeddable":true,"href":"https:\/\/canal7slp.tv\/2026\/wp-json\/wp\/v2\/categories?post=193974"},{"taxonomy":"post_tag","embeddable":true,"href":"https:\/\/canal7slp.tv\/2026\/wp-json\/wp\/v2\/tags?post=193974"}],"curies":[{"name":"wp","href":"https:\/\/api.w.org\/{rel}","templated":true}]}}