{"id":193957,"date":"2026-02-22T20:37:11","date_gmt":"2026-02-23T02:37:11","guid":{"rendered":"https:\/\/canal7slp.tv\/2026\/?p=193957"},"modified":"2026-02-22T20:37:11","modified_gmt":"2026-02-23T02:37:11","slug":"suspendidas-salidas-de-la-ttp","status":"publish","type":"post","link":"https:\/\/canal7slp.tv\/2026\/suspendidas-salidas-de-la-ttp\/","title":{"rendered":"Suspendidas, salidas de la TTP"},"content":{"rendered":"<p style=\"text-align: justify;\">SLP.- Corridas en la Terminal Terrestre Potosina (TTP) fueron suspendidas o con ajustes que conllevan reprogramaci\u00f3n de salidas debido a condiciones de riesgo en la red carretera del pa\u00eds.<\/p>\n<p style=\"text-align: justify;\">La determinaci\u00f3n obedeci\u00f3 a bloqueos y conflictos que surgieron tras el abatimiento del l\u00edder del C\u00e1rtel Jalisco Nueva Generaci\u00f3n (CJNG) Nemesio Rub\u00e9n Oseguera Cervantes.<\/p>\n<p style=\"text-align: justify;\">Algunas empresas de transporte emitieron comunicados en los que advirtieron que causas ajenas a su operaci\u00f3n estaban detr\u00e1s de la cancelaci\u00f3n de los servicios -por ejemplo en el caso de Guadalajara y Lagos de Moreno-.<\/p>\n<p style=\"text-align: justify;\">En el momento se sugiri\u00f3 a quienes ten\u00edan previsto el traslado, coordinarse con respectivas compa\u00f1\u00edas de transporte; as\u00ed como corroborar horarios y salidas.<\/p>\n<p style=\"text-align: justify;\">Adicionalmente tomar previsiones ante posibles retrasos.<\/p>\n<p>Por: Paulina Rodr\u00edguez<\/p>\n","protected":false},"excerpt":{"rendered":"<p>SLP.- Corridas en la Terminal Terrestre Potosina (TTP) fueron suspendidas o con ajustes que conllevan reprogramaci\u00f3n de salidas debido a condiciones de riesgo en la red carretera del pa\u00eds. La determinaci\u00f3n obedeci\u00f3 a bloqueos y conflictos que surgieron tras el abatimiento del l\u00edder del C\u00e1rtel Jalisco Nueva Generaci\u00f3n (CJNG) Nemesio Rub\u00e9n Oseguera Cervantes. Algunas empresas de transporte emitieron comunicados en los que advirtieron que causas ajenas a su operaci\u00f3n estaban detr\u00e1s de la cancelaci\u00f3n de los servicios -por ejemplo en el caso de Guadalajara y Lagos de Moreno-. En el momento se sugiri\u00f3 a quienes ten\u00edan previsto el traslado, coordinarse [&hellip;]<\/p>\n","protected":false},"author":2,"featured_media":193961,"comment_status":"closed","ping_status":"closed","sticky":false,"template":"","format":"video","meta":{"_monsterinsights_skip_tracking":false,"_monsterinsights_sitenote_active":false,"_monsterinsights_sitenote_note":"","_monsterinsights_sitenote_category":0,"footnotes":""},"categories":[5,45],"tags":[],"class_list":["post-193957","post","type-post","status-publish","format-video","has-post-thumbnail","hentry","category-destacadas","category-localesyregionales","post_format-post-format-video","post--single"],"_links":{"self":[{"href":"https:\/\/canal7slp.tv\/2026\/wp-json\/wp\/v2\/posts\/193957","targetHints":{"allow":["GET"]}}],"collection":[{"href":"https:\/\/canal7slp.tv\/2026\/wp-json\/wp\/v2\/posts"}],"about":[{"href":"https:\/\/canal7slp.tv\/2026\/wp-json\/wp\/v2\/types\/post"}],"author":[{"embeddable":true,"href":"https:\/\/canal7slp.tv\/2026\/wp-json\/wp\/v2\/users\/2"}],"replies":[{"embeddable":true,"href":"https:\/\/canal7slp.tv\/2026\/wp-json\/wp\/v2\/comments?post=193957"}],"version-history":[{"count":3,"href":"https:\/\/canal7slp.tv\/2026\/wp-json\/wp\/v2\/posts\/193957\/revisions"}],"predecessor-version":[{"id":193970,"href":"https:\/\/canal7slp.tv\/2026\/wp-json\/wp\/v2\/posts\/193957\/revisions\/193970"}],"wp:featuredmedia":[{"embeddable":true,"href":"https:\/\/canal7slp.tv\/2026\/wp-json\/wp\/v2\/media\/193961"}],"wp:attachment":[{"href":"https:\/\/canal7slp.tv\/2026\/wp-json\/wp\/v2\/media?parent=193957"}],"wp:term":[{"taxonomy":"category","embeddable":true,"href":"https:\/\/canal7slp.tv\/2026\/wp-json\/wp\/v2\/categories?post=193957"},{"taxonomy":"post_tag","embeddable":true,"href":"https:\/\/canal7slp.tv\/2026\/wp-json\/wp\/v2\/tags?post=193957"}],"curies":[{"name":"wp","href":"https:\/\/api.w.org\/{rel}","templated":true}]}}