{"id":193952,"date":"2026-02-22T20:30:04","date_gmt":"2026-02-23T02:30:04","guid":{"rendered":"https:\/\/canal7slp.tv\/2026\/?p=193952"},"modified":"2026-02-22T20:30:04","modified_gmt":"2026-02-23T02:30:04","slug":"con-homenaje-postumo-dieron-ultimo-adios-al-oficial-jorge-luis-olvera","status":"publish","type":"post","link":"https:\/\/canal7slp.tv\/2026\/con-homenaje-postumo-dieron-ultimo-adios-al-oficial-jorge-luis-olvera\/","title":{"rendered":"Con homenaje p\u00f3stumo, dieron \u00faltimo adi\u00f3s al oficial Jorge Luis Olvera"},"content":{"rendered":"<p style=\"text-align: justify;\">SGS.- Homenaje p\u00f3stumo rindi\u00f3 el Ayuntamiento de Soledad de Graciano S\u00e1nchez al oficial, Jorge Luis Olvera P\u00e9rez.<\/p>\n<p style=\"text-align: justify;\">El tambi\u00e9n param\u00e9dico habr\u00eda fallecido en cumplimiento del deber, derivado de un ataque armado en inmediaciones del camino a Cerro de San Pedro.<\/p>\n<p style=\"text-align: justify;\">Autoridades afirmaron que la labor del polic\u00eda estar\u00e1 siempre presente, por su valent\u00eda y al haber sido un ejemplo de quien tiene verdadera vocaci\u00f3n.<\/p>\n<p style=\"text-align: justify;\">La familia recibi\u00f3 el uniforme de la corporaci\u00f3n, en representaci\u00f3n de la entrega al servicio de los habitantes de Soledad de Graciano S\u00e1nchez.<\/p>\n<p style=\"text-align: justify;\">Durante el acto se realiz\u00f3 guardia de honor y junto a su familia se dio el \u00faltimo adi\u00f3s a quien dio muestra de su entereza.<\/p>\n<p style=\"text-align: justify;\">Al hermano, hijo, padre y esposo.<\/p>\n<p style=\"text-align: justify;\">Descanse en paz.<\/p>\n<p>Por: Paulina Rodr\u00edguez<\/p>\n","protected":false},"excerpt":{"rendered":"<p>SGS.- Homenaje p\u00f3stumo rindi\u00f3 el Ayuntamiento de Soledad de Graciano S\u00e1nchez al oficial, Jorge Luis Olvera P\u00e9rez. El tambi\u00e9n param\u00e9dico habr\u00eda fallecido en cumplimiento del deber, derivado de un ataque armado en inmediaciones del camino a Cerro de San Pedro. Autoridades afirmaron que la labor del polic\u00eda estar\u00e1 siempre presente, por su valent\u00eda y al haber sido un ejemplo de quien tiene verdadera vocaci\u00f3n. La familia recibi\u00f3 el uniforme de la corporaci\u00f3n, en representaci\u00f3n de la entrega al servicio de los habitantes de Soledad de Graciano S\u00e1nchez. Durante el acto se realiz\u00f3 guardia de honor y junto a su familia [&hellip;]<\/p>\n","protected":false},"author":2,"featured_media":193959,"comment_status":"closed","ping_status":"closed","sticky":false,"template":"","format":"video","meta":{"_monsterinsights_skip_tracking":false,"_monsterinsights_sitenote_active":false,"_monsterinsights_sitenote_note":"","_monsterinsights_sitenote_category":0,"footnotes":""},"categories":[512,5,45],"tags":[],"class_list":["post-193952","post","type-post","status-publish","format-video","has-post-thumbnail","hentry","category-ayosgs","category-destacadas","category-localesyregionales","post_format-post-format-video","post--single"],"_links":{"self":[{"href":"https:\/\/canal7slp.tv\/2026\/wp-json\/wp\/v2\/posts\/193952","targetHints":{"allow":["GET"]}}],"collection":[{"href":"https:\/\/canal7slp.tv\/2026\/wp-json\/wp\/v2\/posts"}],"about":[{"href":"https:\/\/canal7slp.tv\/2026\/wp-json\/wp\/v2\/types\/post"}],"author":[{"embeddable":true,"href":"https:\/\/canal7slp.tv\/2026\/wp-json\/wp\/v2\/users\/2"}],"replies":[{"embeddable":true,"href":"https:\/\/canal7slp.tv\/2026\/wp-json\/wp\/v2\/comments?post=193952"}],"version-history":[{"count":3,"href":"https:\/\/canal7slp.tv\/2026\/wp-json\/wp\/v2\/posts\/193952\/revisions"}],"predecessor-version":[{"id":193968,"href":"https:\/\/canal7slp.tv\/2026\/wp-json\/wp\/v2\/posts\/193952\/revisions\/193968"}],"wp:featuredmedia":[{"embeddable":true,"href":"https:\/\/canal7slp.tv\/2026\/wp-json\/wp\/v2\/media\/193959"}],"wp:attachment":[{"href":"https:\/\/canal7slp.tv\/2026\/wp-json\/wp\/v2\/media?parent=193952"}],"wp:term":[{"taxonomy":"category","embeddable":true,"href":"https:\/\/canal7slp.tv\/2026\/wp-json\/wp\/v2\/categories?post=193952"},{"taxonomy":"post_tag","embeddable":true,"href":"https:\/\/canal7slp.tv\/2026\/wp-json\/wp\/v2\/tags?post=193952"}],"curies":[{"name":"wp","href":"https:\/\/api.w.org\/{rel}","templated":true}]}}