{"id":193940,"date":"2026-02-22T18:45:43","date_gmt":"2026-02-23T00:45:43","guid":{"rendered":"https:\/\/canal7slp.tv\/2026\/?p=193940"},"modified":"2026-02-22T18:54:26","modified_gmt":"2026-02-23T00:54:26","slug":"amav-registro-baja-venta-de-paquetes-vacacionales-de-hasta-el-10-a-inicios-de-2026","status":"publish","type":"post","link":"https:\/\/canal7slp.tv\/2026\/amav-registro-baja-venta-de-paquetes-vacacionales-de-hasta-el-10-a-inicios-de-2026\/","title":{"rendered":"AMAV registr\u00f3 baja venta de paquetes vacacionales de hasta el 10% a inicios de 2026"},"content":{"rendered":"<p style=\"text-align: justify;\"><span style=\"font-size: 1.21429rem;\">SLP.- Negativo arranque de a\u00f1o 2026 en venta de paquetes vacacionales registr\u00f3 la Asociaci\u00f3n Mexicana de Agencias de Viajes en San Luis Potos\u00ed, as\u00ed lo expuso su presidenta, Daniela Alejandra Alonso Barr\u00f3n.<\/span><\/p>\n<p style=\"text-align: justify;\">\u201cEs muy poco a comparaci\u00f3n del a\u00f1o pasado s\u00ed se vio una baja en lo que fueron la venta de viajes (\u2026) aproximadamente un cinco o 10%\u201d.<\/p>\n<p style=\"text-align: justify;\">Afirm\u00f3 que los potosinos buscan paquetes sobre la hora y no anticipan sus periodos vacacionales fuera de la entidad.<\/p>\n<p style=\"text-align: justify;\">\u201cPorque lo que hacen es como compras de \u00faltimo momento, viajar 15 d\u00edas antes, un mes antes, entonces es ah\u00ed donde empiezan a solicitar lo que son los viajes (\u2026) lo resentimos un poquito m\u00e1s porque estamos acostumbrados a lo mejor que con anticipaci\u00f3n puedan hacer sus reservaciones\u201d.<\/p>\n<p style=\"text-align: justify;\">En el mes de febrero el alza fue del 3%, motivada por la \u00e9poca de carnaval.<\/p>\n<p style=\"text-align: justify;\">\u201cEl repunte fue un poquito m\u00e1s el carnaval de Mazatl\u00e1n, entonces la verdad es que la gente busca este destino, Mazatl\u00e1n, la fiesta, el ambiente y ese nos ayud\u00f3 much\u00edsimo como agencias de viajes (\u2026) un tres por ciento, cuatro por ciento\u201d.<\/p>\n<p style=\"text-align: justify;\">La conexi\u00f3n a\u00e9rea con Jalisco es otro de los puntos a detonar en el presente a\u00f1o.<\/p>\n<p style=\"text-align: justify;\">\u201cA partir de junio ya empieza lo que es el vuelo directo San Luis Vallarta, Vallarta-San Luis, entonces tambi\u00e9n era lo que ya est\u00e1bamos pidiendo, nuestro vuelo directo (\u2026) en hora y media ya vamos a estar en el destino\u201d.<\/p>\n<p style=\"text-align: justify;\">Por: Juan Carlos Contreras<\/p>\n","protected":false},"excerpt":{"rendered":"<p>SLP.- Negativo arranque de a\u00f1o 2026 en venta de paquetes vacacionales registr\u00f3 la Asociaci\u00f3n Mexicana de Agencias de Viajes en San Luis Potos\u00ed, as\u00ed lo expuso su presidenta, Daniela Alejandra Alonso Barr\u00f3n. \u201cEs muy poco a comparaci\u00f3n del a\u00f1o pasado s\u00ed se vio una baja en lo que fueron la venta de viajes (\u2026) aproximadamente un cinco o 10%\u201d. Afirm\u00f3 que los potosinos buscan paquetes sobre la hora y no anticipan sus periodos vacacionales fuera de la entidad. \u201cPorque lo que hacen es como compras de \u00faltimo momento, viajar 15 d\u00edas antes, un mes antes, entonces es ah\u00ed donde empiezan [&hellip;]<\/p>\n","protected":false},"author":2,"featured_media":193945,"comment_status":"closed","ping_status":"closed","sticky":false,"template":"","format":"video","meta":{"_monsterinsights_skip_tracking":false,"_monsterinsights_sitenote_active":false,"_monsterinsights_sitenote_note":"","_monsterinsights_sitenote_category":0,"footnotes":""},"categories":[5,45],"tags":[],"class_list":["post-193940","post","type-post","status-publish","format-video","has-post-thumbnail","hentry","category-destacadas","category-localesyregionales","post_format-post-format-video","post--single"],"_links":{"self":[{"href":"https:\/\/canal7slp.tv\/2026\/wp-json\/wp\/v2\/posts\/193940","targetHints":{"allow":["GET"]}}],"collection":[{"href":"https:\/\/canal7slp.tv\/2026\/wp-json\/wp\/v2\/posts"}],"about":[{"href":"https:\/\/canal7slp.tv\/2026\/wp-json\/wp\/v2\/types\/post"}],"author":[{"embeddable":true,"href":"https:\/\/canal7slp.tv\/2026\/wp-json\/wp\/v2\/users\/2"}],"replies":[{"embeddable":true,"href":"https:\/\/canal7slp.tv\/2026\/wp-json\/wp\/v2\/comments?post=193940"}],"version-history":[{"count":3,"href":"https:\/\/canal7slp.tv\/2026\/wp-json\/wp\/v2\/posts\/193940\/revisions"}],"predecessor-version":[{"id":193950,"href":"https:\/\/canal7slp.tv\/2026\/wp-json\/wp\/v2\/posts\/193940\/revisions\/193950"}],"wp:featuredmedia":[{"embeddable":true,"href":"https:\/\/canal7slp.tv\/2026\/wp-json\/wp\/v2\/media\/193945"}],"wp:attachment":[{"href":"https:\/\/canal7slp.tv\/2026\/wp-json\/wp\/v2\/media?parent=193940"}],"wp:term":[{"taxonomy":"category","embeddable":true,"href":"https:\/\/canal7slp.tv\/2026\/wp-json\/wp\/v2\/categories?post=193940"},{"taxonomy":"post_tag","embeddable":true,"href":"https:\/\/canal7slp.tv\/2026\/wp-json\/wp\/v2\/tags?post=193940"}],"curies":[{"name":"wp","href":"https:\/\/api.w.org\/{rel}","templated":true}]}}