{"id":193934,"date":"2026-02-22T12:23:44","date_gmt":"2026-02-22T18:23:44","guid":{"rendered":"https:\/\/canal7slp.tv\/2026\/?p=193934"},"modified":"2026-02-22T18:57:02","modified_gmt":"2026-02-23T00:57:02","slug":"tras-operativo-en-tapalpa-fuerzas-federales-confirman-la-muerte-de-el-mencho","status":"publish","type":"post","link":"https:\/\/canal7slp.tv\/2026\/tras-operativo-en-tapalpa-fuerzas-federales-confirman-la-muerte-de-el-mencho\/","title":{"rendered":"Tras operativo en Tapalpa, fuerzas federales confirman la muerte de \u201cEl Mencho\u201d"},"content":{"rendered":"<p style=\"text-align: justify;\" data-start=\"1036\" data-end=\"1452\">Tapalpa.- Este domingo 22 de febrero de 2026, <span class=\"hover:entity-accent entity-underline inline cursor-pointer align-baseline\"><span class=\"whitespace-normal\">Nemesio Oseguera Cervantes<\/span><\/span>, alias \u201cEl Mencho\u201d, l\u00edder del <span class=\"hover:entity-accent entity-underline inline cursor-pointer align-baseline\"><span class=\"whitespace-normal\">C\u00e1rtel Jalisco Nueva Generaci\u00f3n<\/span><\/span> (CJNG), fue abatido durante un operativo de fuerzas federales en Tapalpa, Jalisco. Considerado uno de los capos m\u00e1s buscados por Estados Unidos, su muerte fue confirmada por fuentes del Gobierno de M\u00e9xico, aunque hasta el momento no se ha emitido un pronunciamiento oficial.<\/p>\n<p style=\"text-align: justify;\" data-start=\"1454\" data-end=\"1833\">Tras el operativo, se registraron bloqueos carreteros y quema de veh\u00edculos en al menos nueve estados: Jalisco, Michoac\u00e1n, Colima, Guerrero, Aguascalientes, Guanajuato, Nayarit, Zacatecas y Tamaulipas. Los incidentes incluyeron incendios de autom\u00f3viles y obstrucciones en v\u00edas estrat\u00e9gicas, lo que evidenci\u00f3 la magnitud de la reacci\u00f3n del grupo criminal ante la ca\u00edda de su l\u00edder.<\/p>\n<p style=\"text-align: justify;\" data-start=\"1835\" data-end=\"2154\">El gobernador de Jalisco, <span class=\"hover:entity-accent entity-underline inline cursor-pointer align-baseline\"><span class=\"whitespace-normal\">Pablo Lemus<\/span><\/span>, inform\u00f3 sobre la situaci\u00f3n y anunci\u00f3 la instalaci\u00f3n de una mesa de seguridad con autoridades de los tres \u00f3rdenes de gobierno. Adem\u00e1s, se suspendi\u00f3 el servicio de transporte p\u00fablico en la entidad y se recomend\u00f3 a la poblaci\u00f3n permanecer en sus domicilios.<\/p>\n<p style=\"text-align: justify;\" data-start=\"2156\" data-end=\"2501\">Oseguera Cervantes era un objetivo prioritario tanto para el Gobierno federal como para Estados Unidos, que ofrec\u00eda una recompensa de 15 millones de d\u00f3lares por informaci\u00f3n que condujera a su captura. El CJNG es se\u00f1alado como uno de los principales responsables del tr\u00e1fico de fentanilo y otras drogas sint\u00e9ticas hacia territorio estadounidense.<\/p>\n<p style=\"text-align: justify;\" data-start=\"2503\" data-end=\"2789\">El ahora abatido inici\u00f3 su trayectoria delictiva en la d\u00e9cada de 1990 y, tras la fragmentaci\u00f3n del C\u00e1rtel del Milenio, fund\u00f3 el CJNG, consolidando su poder mediante una estructura de corte paramilitar y acciones de alto impacto, entre ellas el derribo de un helic\u00f3ptero militar en 2015.<\/p>\n<p style=\"text-align: justify;\" data-start=\"2791\" data-end=\"3057\">Pese a m\u00faltiples operativos y versiones sobre su estado de salud, \u201cEl Mencho\u201d logr\u00f3 evadir a las autoridades durante a\u00f1os, hasta su abatimiento. Las fuerzas de seguridad mantienen operativos para restablecer el orden y garantizar la seguridad en las zonas afectadas.<\/p>\n","protected":false},"excerpt":{"rendered":"<p>Tapalpa.- Este domingo 22 de febrero de 2026, Nemesio Oseguera Cervantes, alias \u201cEl Mencho\u201d, l\u00edder del C\u00e1rtel Jalisco Nueva Generaci\u00f3n (CJNG), fue abatido durante un operativo de fuerzas federales en Tapalpa, Jalisco. Considerado uno de los capos m\u00e1s buscados por Estados Unidos, su muerte fue confirmada por fuentes del Gobierno de M\u00e9xico, aunque hasta el momento no se ha emitido un pronunciamiento oficial. Tras el operativo, se registraron bloqueos carreteros y quema de veh\u00edculos en al menos nueve estados: Jalisco, Michoac\u00e1n, Colima, Guerrero, Aguascalientes, Guanajuato, Nayarit, Zacatecas y Tamaulipas. Los incidentes incluyeron incendios de autom\u00f3viles y obstrucciones en v\u00edas estrat\u00e9gicas, [&hellip;]<\/p>\n","protected":false},"author":2,"featured_media":193935,"comment_status":"closed","ping_status":"closed","sticky":false,"template":"","format":"standard","meta":{"_monsterinsights_skip_tracking":false,"_monsterinsights_sitenote_active":false,"_monsterinsights_sitenote_note":"","_monsterinsights_sitenote_category":0,"footnotes":""},"categories":[46],"tags":[],"class_list":["post-193934","post","type-post","status-publish","format-standard","has-post-thumbnail","hentry","category-nacional","post--single"],"_links":{"self":[{"href":"https:\/\/canal7slp.tv\/2026\/wp-json\/wp\/v2\/posts\/193934","targetHints":{"allow":["GET"]}}],"collection":[{"href":"https:\/\/canal7slp.tv\/2026\/wp-json\/wp\/v2\/posts"}],"about":[{"href":"https:\/\/canal7slp.tv\/2026\/wp-json\/wp\/v2\/types\/post"}],"author":[{"embeddable":true,"href":"https:\/\/canal7slp.tv\/2026\/wp-json\/wp\/v2\/users\/2"}],"replies":[{"embeddable":true,"href":"https:\/\/canal7slp.tv\/2026\/wp-json\/wp\/v2\/comments?post=193934"}],"version-history":[{"count":2,"href":"https:\/\/canal7slp.tv\/2026\/wp-json\/wp\/v2\/posts\/193934\/revisions"}],"predecessor-version":[{"id":193954,"href":"https:\/\/canal7slp.tv\/2026\/wp-json\/wp\/v2\/posts\/193934\/revisions\/193954"}],"wp:featuredmedia":[{"embeddable":true,"href":"https:\/\/canal7slp.tv\/2026\/wp-json\/wp\/v2\/media\/193935"}],"wp:attachment":[{"href":"https:\/\/canal7slp.tv\/2026\/wp-json\/wp\/v2\/media?parent=193934"}],"wp:term":[{"taxonomy":"category","embeddable":true,"href":"https:\/\/canal7slp.tv\/2026\/wp-json\/wp\/v2\/categories?post=193934"},{"taxonomy":"post_tag","embeddable":true,"href":"https:\/\/canal7slp.tv\/2026\/wp-json\/wp\/v2\/tags?post=193934"}],"curies":[{"name":"wp","href":"https:\/\/api.w.org\/{rel}","templated":true}]}}