{"id":193926,"date":"2026-02-22T10:09:51","date_gmt":"2026-02-22T16:09:51","guid":{"rendered":"https:\/\/canal7slp.tv\/2026\/?p=193926"},"modified":"2026-02-22T17:41:18","modified_gmt":"2026-02-22T23:41:18","slug":"operativo-conjunto-en-chiapas-deja-15-detenidos-armas-largas-y-vehiculos-asegurados","status":"publish","type":"post","link":"https:\/\/canal7slp.tv\/2026\/operativo-conjunto-en-chiapas-deja-15-detenidos-armas-largas-y-vehiculos-asegurados\/","title":{"rendered":"Operativo conjunto en Chiapas deja 15 detenidos, armas largas y veh\u00edculos asegurados"},"content":{"rendered":"<p style=\"text-align: justify;\" data-start=\"941\" data-end=\"1245\">Tapachula.- El secretario de Seguridad federal, Omar Garc\u00eda Harfuch, inform\u00f3 sobre la detenci\u00f3n de 15 personas identificadas como presuntos \u201cgeneradores de violencia\u201d en Tapachula, tras un operativo interinstitucional realizado en distintos puntos del municipio.<\/p>\n<p style=\"text-align: justify;\" data-start=\"1247\" data-end=\"1398\">La acci\u00f3n se llev\u00f3 a cabo en atenci\u00f3n a denuncias ciudadanas y permiti\u00f3 el aseguramiento de 15 armas largas, diversas dosis de droga y nueve veh\u00edculos.<\/p>\n<p style=\"text-align: justify;\" data-start=\"1400\" data-end=\"1575\">A trav\u00e9s de su cuenta en X, Garc\u00eda Harfuch agradeci\u00f3 al gobernador Eduardo Ram\u00edrez por la \u201ccoordinaci\u00f3n estrecha en materia de seguridad en Chiapas\u201d.<\/p>\n<p style=\"text-align: justify;\" data-start=\"1577\" data-end=\"1896\">La Secretar\u00eda de Seguridad del Pueblo detall\u00f3 que el despliegue se realiz\u00f3 el s\u00e1bado con la participaci\u00f3n de autoridades de los tres \u00f3rdenes de gobierno, en coordinaci\u00f3n con la Fiscal\u00eda General del Estado de Chiapas, la Fiscal\u00eda General de la Rep\u00fablica y la Secretar\u00eda de Marina.<\/p>\n<p style=\"text-align: justify;\" data-start=\"1898\" data-end=\"2097\">Como resultado, fueron detenidas 15 personas presuntamente vinculadas con actividades delictivas, quienes fueron puestas a disposici\u00f3n de las autoridades competentes junto con los objetos asegurados.<\/p>\n<p style=\"text-align: justify;\">Entre los veh\u00edculos asegurados se encuentran:<\/p>\n<ul style=\"text-align: justify;\">\n<li data-start=\"2130\" data-end=\"2147\">Nissan Frontier<\/li>\n<li data-start=\"2150\" data-end=\"2162\">Mazda CX-5<\/li>\n<li data-start=\"2165\" data-end=\"2179\">Jeep Rubic\u00f3n<\/li>\n<li data-start=\"2182\" data-end=\"2198\">Toyota HEV XSE<\/li>\n<li data-start=\"2201\" data-end=\"2220\">Volkswagen Tiguan<\/li>\n<li data-start=\"2223\" data-end=\"2239\">Chevrolet Aveo<\/li>\n<li data-start=\"2242\" data-end=\"2265\">Chevrolet Aveo (taxi)<\/li>\n<li data-start=\"2268\" data-end=\"2282\">Toyota Camry<\/li>\n<li data-start=\"2285\" data-end=\"2302\">Ford Expedition<\/li>\n<li data-start=\"2305\" data-end=\"2326\">Motocicleta Italika<\/li>\n<\/ul>\n<p style=\"text-align: justify;\" data-start=\"2328\" data-end=\"2616\">Las personas detenidas fueron identificadas como V\u00edctor \u201cN\u201d, Gabriel \u201cN\u201d, Iv\u00e1n \u201cN\u201d, No\u00e9 \u201cN\u201d, Mois\u00e9s \u201cN\u201d, Jersoon \u201cN\u201d, Jhon \u201cN\u201d, Humberto \u201cN\u201d, Roberto \u201cN\u201d, H\u00e9ctor \u201cN\u201d, D\u00e1ymel \u201cN\u201d, Francisco \u201cN\u201d, Diego \u201cN\u201d, David \u201cN\u201d y un menor de edad, cuya identidad permanece reservada conforme a la ley.<\/p>\n<p style=\"text-align: justify;\" data-start=\"2618\" data-end=\"2835\">El Gobierno de Chiapas reiter\u00f3 su compromiso de mantener y reforzar las acciones operativas en la regi\u00f3n, con \u00e9nfasis en la inteligencia y la coordinaci\u00f3n institucional para actuar con determinaci\u00f3n y responsabilidad.<\/p>\n","protected":false},"excerpt":{"rendered":"<p>Tapachula.- El secretario de Seguridad federal, Omar Garc\u00eda Harfuch, inform\u00f3 sobre la detenci\u00f3n de 15 personas identificadas como presuntos \u201cgeneradores de violencia\u201d en Tapachula, tras un operativo interinstitucional realizado en distintos puntos del municipio. La acci\u00f3n se llev\u00f3 a cabo en atenci\u00f3n a denuncias ciudadanas y permiti\u00f3 el aseguramiento de 15 armas largas, diversas dosis de droga y nueve veh\u00edculos. A trav\u00e9s de su cuenta en X, Garc\u00eda Harfuch agradeci\u00f3 al gobernador Eduardo Ram\u00edrez por la \u201ccoordinaci\u00f3n estrecha en materia de seguridad en Chiapas\u201d. La Secretar\u00eda de Seguridad del Pueblo detall\u00f3 que el despliegue se realiz\u00f3 el s\u00e1bado con la [&hellip;]<\/p>\n","protected":false},"author":2,"featured_media":193927,"comment_status":"closed","ping_status":"closed","sticky":false,"template":"","format":"standard","meta":{"_monsterinsights_skip_tracking":false,"_monsterinsights_sitenote_active":false,"_monsterinsights_sitenote_note":"","_monsterinsights_sitenote_category":0,"footnotes":""},"categories":[46],"tags":[],"class_list":["post-193926","post","type-post","status-publish","format-standard","has-post-thumbnail","hentry","category-nacional","post--single"],"_links":{"self":[{"href":"https:\/\/canal7slp.tv\/2026\/wp-json\/wp\/v2\/posts\/193926","targetHints":{"allow":["GET"]}}],"collection":[{"href":"https:\/\/canal7slp.tv\/2026\/wp-json\/wp\/v2\/posts"}],"about":[{"href":"https:\/\/canal7slp.tv\/2026\/wp-json\/wp\/v2\/types\/post"}],"author":[{"embeddable":true,"href":"https:\/\/canal7slp.tv\/2026\/wp-json\/wp\/v2\/users\/2"}],"replies":[{"embeddable":true,"href":"https:\/\/canal7slp.tv\/2026\/wp-json\/wp\/v2\/comments?post=193926"}],"version-history":[{"count":1,"href":"https:\/\/canal7slp.tv\/2026\/wp-json\/wp\/v2\/posts\/193926\/revisions"}],"predecessor-version":[{"id":193928,"href":"https:\/\/canal7slp.tv\/2026\/wp-json\/wp\/v2\/posts\/193926\/revisions\/193928"}],"wp:featuredmedia":[{"embeddable":true,"href":"https:\/\/canal7slp.tv\/2026\/wp-json\/wp\/v2\/media\/193927"}],"wp:attachment":[{"href":"https:\/\/canal7slp.tv\/2026\/wp-json\/wp\/v2\/media?parent=193926"}],"wp:term":[{"taxonomy":"category","embeddable":true,"href":"https:\/\/canal7slp.tv\/2026\/wp-json\/wp\/v2\/categories?post=193926"},{"taxonomy":"post_tag","embeddable":true,"href":"https:\/\/canal7slp.tv\/2026\/wp-json\/wp\/v2\/tags?post=193926"}],"curies":[{"name":"wp","href":"https:\/\/api.w.org\/{rel}","templated":true}]}}