{"id":193908,"date":"2026-02-22T08:58:14","date_gmt":"2026-02-22T14:58:14","guid":{"rendered":"https:\/\/canal7slp.tv\/2026\/?p=193908"},"modified":"2026-02-22T08:58:14","modified_gmt":"2026-02-22T14:58:14","slug":"con-mas-de-234-mil-trampas-mexico-intensifica-lucha-contra-el-gusano-barrenador","status":"publish","type":"post","link":"https:\/\/canal7slp.tv\/2026\/con-mas-de-234-mil-trampas-mexico-intensifica-lucha-contra-el-gusano-barrenador\/","title":{"rendered":"Con m\u00e1s de 234 mil trampas, M\u00e9xico intensifica lucha contra el gusano barrenador"},"content":{"rendered":"<p style=\"text-align: justify;\" data-start=\"1086\" data-end=\"1308\">M\u00e9xico.- El Gobierno de M\u00e9xico anunci\u00f3 la creaci\u00f3n de la Comisi\u00f3n Nacional para la Atenci\u00f3n del Gusano Barrenador del Ganado, como parte de una estrategia integral para enfrentar la plaga que afecta al sector pecuario del pa\u00eds.<\/p>\n<p style=\"text-align: justify;\" data-start=\"1310\" data-end=\"1625\">La iniciativa, impulsada por la Secretar\u00eda de Bienestar, busca fortalecer las acciones de prevenci\u00f3n, control t\u00e9cnico y coordinaci\u00f3n institucional ante esta amenaza sanitaria. La Comisi\u00f3n ser\u00e1 coordinada por la Subsecretar\u00eda de Inclusi\u00f3n Productiva y Desarrollo Rural, encabezada por Columba Jazm\u00edn L\u00f3pez Guti\u00e9rrez.<\/p>\n<p style=\"text-align: justify;\" data-start=\"1627\" data-end=\"1933\">Aunque el Servicio Nacional de Sanidad, Inocuidad y Calidad Agroalimentaria (SENASICA) mantiene el liderazgo en la estrategia t\u00e9cnica, la nueva Comisi\u00f3n permitir\u00e1 ampliar la coordinaci\u00f3n entre dependencias federales, estatales y municipales, con el objetivo de garantizar una respuesta integral y oportuna.<\/p>\n<p style=\"text-align: justify;\" data-start=\"1962\" data-end=\"2030\">La Secretar\u00eda de Bienestar inform\u00f3 que la Comisi\u00f3n operar\u00e1 mediante:<\/p>\n<ul style=\"text-align: justify;\">\n<li data-start=\"2034\" data-end=\"2085\">La instalaci\u00f3n de comit\u00e9s estatales y regionales.<\/li>\n<li data-start=\"2088\" data-end=\"2161\">Capacitaci\u00f3n a tomadores de decisiones, personal t\u00e9cnico y productores.<\/li>\n<li data-start=\"2164\" data-end=\"2205\">Campa\u00f1as de difusi\u00f3n y sensibilizaci\u00f3n.<\/li>\n<li data-start=\"2208\" data-end=\"2242\">Acciones de trampeo y supresi\u00f3n.<\/li>\n<li data-start=\"2245\" data-end=\"2381\">Registro y monitoreo de casos en el sistema de informaci\u00f3n epidemiol\u00f3gica de SENASICA, para asegurar evaluaci\u00f3n y seguimiento constante.<\/li>\n<\/ul>\n<p style=\"text-align: justify;\" data-start=\"2420\" data-end=\"2593\">En los trabajos participar\u00e1n el Instituto Nacional de los Pueblos Ind\u00edgenas (INPI), la Secretar\u00eda de Medio Ambiente y Recursos Naturales (Semarnat) y gobiernos estatales de:<\/p>\n<ul style=\"text-align: justify;\">\n<li data-start=\"2597\" data-end=\"2606\">Yucat\u00e1n<\/li>\n<li data-start=\"2609\" data-end=\"2619\">Campeche<\/li>\n<li data-start=\"2622\" data-end=\"2636\">Quintana Roo<\/li>\n<li data-start=\"2639\" data-end=\"2648\">Chiapas<\/li>\n<li data-start=\"2651\" data-end=\"2660\">Tabasco<\/li>\n<li data-start=\"2663\" data-end=\"2671\">Oaxaca<\/li>\n<li data-start=\"2674\" data-end=\"2684\">Veracruz<\/li>\n<li data-start=\"2687\" data-end=\"2699\">Tamaulipas<\/li>\n<li data-start=\"2702\" data-end=\"2712\">Guerrero<\/li>\n<\/ul>\n<p style=\"text-align: justify;\" data-start=\"2714\" data-end=\"2850\">Adem\u00e1s, derechohabientes del programa Sembrando Vida se integrar\u00e1n a labores comunitarias de trampeo, vigilancia y reporte de casos.<\/p>\n<p style=\"text-align: justify;\" data-start=\"2852\" data-end=\"3059\">Hasta el momento, se han colocado 234 mil 280 trampas, con la participaci\u00f3n de 3 mil 923 t\u00e9cnicos y 422 mil 530 sembradores, como parte del esfuerzo para contener la plaga en territorio nacional.<\/p>\n","protected":false},"excerpt":{"rendered":"<p>M\u00e9xico.- El Gobierno de M\u00e9xico anunci\u00f3 la creaci\u00f3n de la Comisi\u00f3n Nacional para la Atenci\u00f3n del Gusano Barrenador del Ganado, como parte de una estrategia integral para enfrentar la plaga que afecta al sector pecuario del pa\u00eds. La iniciativa, impulsada por la Secretar\u00eda de Bienestar, busca fortalecer las acciones de prevenci\u00f3n, control t\u00e9cnico y coordinaci\u00f3n institucional ante esta amenaza sanitaria. La Comisi\u00f3n ser\u00e1 coordinada por la Subsecretar\u00eda de Inclusi\u00f3n Productiva y Desarrollo Rural, encabezada por Columba Jazm\u00edn L\u00f3pez Guti\u00e9rrez. Aunque el Servicio Nacional de Sanidad, Inocuidad y Calidad Agroalimentaria (SENASICA) mantiene el liderazgo en la estrategia t\u00e9cnica, la nueva Comisi\u00f3n [&hellip;]<\/p>\n","protected":false},"author":2,"featured_media":193909,"comment_status":"closed","ping_status":"closed","sticky":false,"template":"","format":"standard","meta":{"_monsterinsights_skip_tracking":false,"_monsterinsights_sitenote_active":false,"_monsterinsights_sitenote_note":"","_monsterinsights_sitenote_category":0,"footnotes":""},"categories":[46],"tags":[],"class_list":["post-193908","post","type-post","status-publish","format-standard","has-post-thumbnail","hentry","category-nacional","post--single"],"_links":{"self":[{"href":"https:\/\/canal7slp.tv\/2026\/wp-json\/wp\/v2\/posts\/193908","targetHints":{"allow":["GET"]}}],"collection":[{"href":"https:\/\/canal7slp.tv\/2026\/wp-json\/wp\/v2\/posts"}],"about":[{"href":"https:\/\/canal7slp.tv\/2026\/wp-json\/wp\/v2\/types\/post"}],"author":[{"embeddable":true,"href":"https:\/\/canal7slp.tv\/2026\/wp-json\/wp\/v2\/users\/2"}],"replies":[{"embeddable":true,"href":"https:\/\/canal7slp.tv\/2026\/wp-json\/wp\/v2\/comments?post=193908"}],"version-history":[{"count":1,"href":"https:\/\/canal7slp.tv\/2026\/wp-json\/wp\/v2\/posts\/193908\/revisions"}],"predecessor-version":[{"id":193910,"href":"https:\/\/canal7slp.tv\/2026\/wp-json\/wp\/v2\/posts\/193908\/revisions\/193910"}],"wp:featuredmedia":[{"embeddable":true,"href":"https:\/\/canal7slp.tv\/2026\/wp-json\/wp\/v2\/media\/193909"}],"wp:attachment":[{"href":"https:\/\/canal7slp.tv\/2026\/wp-json\/wp\/v2\/media?parent=193908"}],"wp:term":[{"taxonomy":"category","embeddable":true,"href":"https:\/\/canal7slp.tv\/2026\/wp-json\/wp\/v2\/categories?post=193908"},{"taxonomy":"post_tag","embeddable":true,"href":"https:\/\/canal7slp.tv\/2026\/wp-json\/wp\/v2\/tags?post=193908"}],"curies":[{"name":"wp","href":"https:\/\/api.w.org\/{rel}","templated":true}]}}