{"id":193889,"date":"2026-02-21T18:30:04","date_gmt":"2026-02-22T00:30:04","guid":{"rendered":"https:\/\/canal7slp.tv\/2026\/?p=193889"},"modified":"2026-02-21T18:30:04","modified_gmt":"2026-02-22T00:30:04","slug":"ayuntamiento-soledense-avala-regular-uso-de-celulares-en-escuelas-del-nivel-basico","status":"publish","type":"post","link":"https:\/\/canal7slp.tv\/2026\/ayuntamiento-soledense-avala-regular-uso-de-celulares-en-escuelas-del-nivel-basico\/","title":{"rendered":"Ayuntamiento soledense avala regular uso de celulares en escuelas del nivel b\u00e1sico"},"content":{"rendered":"<p style=\"text-align: justify;\"><span style=\"font-size: 1.21429rem;\">SGS.- Luego de que el Congreso estatal avalara la iniciativa para regular el uso de celulares en las escuelas del nivel b\u00e1sico, el secretario general del ayuntamiento de Soledad, Benjam\u00edn P\u00e9rez \u00c1lvarez, dijo estar de acuerdo con esta medida.<\/span><\/p>\n<p style=\"text-align: justify;\">Al considerar que el uso de los dispositivos m\u00f3viles entre los ni\u00f1os tiene sus ventajas y desventajas opin\u00f3 que es un tema que debe de analizarse y valorarse.<\/p>\n<p style=\"text-align: justify;\">En este sentido, el funcionario municipal consider\u00f3 que debe de establecerse un mecanismo para llegar un acuerdo entre maestros y padres de familia y aterrizar este tema, al decir que un ejemplo de ello podr\u00eda ser el establecer mesas de trabajo para su discusi\u00f3n y posterior acuerdo entre las partes involucradas.<\/p>\n<p style=\"text-align: justify;\">Cabe se\u00f1alalr que si esta iniciativa se aprueba impactar\u00eda a casi 58 mil estudiantes de los 218 planteles educativos del nivel b\u00e1sico, que se ubican en Soledad de Graciano S\u00e1nchez.<\/p>\n<p style=\"text-align: justify;\">Por: Claudio Ibarra<\/p>\n","protected":false},"excerpt":{"rendered":"<p>SGS.- Luego de que el Congreso estatal avalara la iniciativa para regular el uso de celulares en las escuelas del nivel b\u00e1sico, el secretario general del ayuntamiento de Soledad, Benjam\u00edn P\u00e9rez \u00c1lvarez, dijo estar de acuerdo con esta medida. Al considerar que el uso de los dispositivos m\u00f3viles entre los ni\u00f1os tiene sus ventajas y desventajas opin\u00f3 que es un tema que debe de analizarse y valorarse. En este sentido, el funcionario municipal consider\u00f3 que debe de establecerse un mecanismo para llegar un acuerdo entre maestros y padres de familia y aterrizar este tema, al decir que un ejemplo de [&hellip;]<\/p>\n","protected":false},"author":2,"featured_media":193893,"comment_status":"closed","ping_status":"closed","sticky":false,"template":"","format":"video","meta":{"_monsterinsights_skip_tracking":false,"_monsterinsights_sitenote_active":false,"_monsterinsights_sitenote_note":"","_monsterinsights_sitenote_category":0,"footnotes":""},"categories":[512,5,45],"tags":[],"class_list":["post-193889","post","type-post","status-publish","format-video","has-post-thumbnail","hentry","category-ayosgs","category-destacadas","category-localesyregionales","post_format-post-format-video","post--single"],"_links":{"self":[{"href":"https:\/\/canal7slp.tv\/2026\/wp-json\/wp\/v2\/posts\/193889","targetHints":{"allow":["GET"]}}],"collection":[{"href":"https:\/\/canal7slp.tv\/2026\/wp-json\/wp\/v2\/posts"}],"about":[{"href":"https:\/\/canal7slp.tv\/2026\/wp-json\/wp\/v2\/types\/post"}],"author":[{"embeddable":true,"href":"https:\/\/canal7slp.tv\/2026\/wp-json\/wp\/v2\/users\/2"}],"replies":[{"embeddable":true,"href":"https:\/\/canal7slp.tv\/2026\/wp-json\/wp\/v2\/comments?post=193889"}],"version-history":[{"count":2,"href":"https:\/\/canal7slp.tv\/2026\/wp-json\/wp\/v2\/posts\/193889\/revisions"}],"predecessor-version":[{"id":193897,"href":"https:\/\/canal7slp.tv\/2026\/wp-json\/wp\/v2\/posts\/193889\/revisions\/193897"}],"wp:featuredmedia":[{"embeddable":true,"href":"https:\/\/canal7slp.tv\/2026\/wp-json\/wp\/v2\/media\/193893"}],"wp:attachment":[{"href":"https:\/\/canal7slp.tv\/2026\/wp-json\/wp\/v2\/media?parent=193889"}],"wp:term":[{"taxonomy":"category","embeddable":true,"href":"https:\/\/canal7slp.tv\/2026\/wp-json\/wp\/v2\/categories?post=193889"},{"taxonomy":"post_tag","embeddable":true,"href":"https:\/\/canal7slp.tv\/2026\/wp-json\/wp\/v2\/tags?post=193889"}],"curies":[{"name":"wp","href":"https:\/\/api.w.org\/{rel}","templated":true}]}}