{"id":193885,"date":"2026-02-21T10:52:52","date_gmt":"2026-02-21T16:52:52","guid":{"rendered":"https:\/\/canal7slp.tv\/2026\/?p=193885"},"modified":"2026-02-21T10:52:52","modified_gmt":"2026-02-21T16:52:52","slug":"donald-trump-aumenta-arancel-global-al-15-para-proteger-la-economia-de-eua","status":"publish","type":"post","link":"https:\/\/canal7slp.tv\/2026\/donald-trump-aumenta-arancel-global-al-15-para-proteger-la-economia-de-eua\/","title":{"rendered":"Donald Trump aumenta arancel global al 15% para proteger la econom\u00eda de EUA"},"content":{"rendered":"<p style=\"text-align: justify;\">EEUU.-\u00a0El presidente de Estados Unidos, Donald Trump, anunci\u00f3 que su gobierno elevar\u00e1 de manera inmediata el arancel global aplicado a las importaciones provenientes de pa\u00edses que, seg\u00fan afirm\u00f3, han perjudicado comercialmente a su pa\u00eds durante d\u00e9cadas. La decisi\u00f3n se produce tras el fallo de la Corte Suprema de Estados Unidos relacionado con las medidas arancelarias.<\/p>\n<p style=\"text-align: justify;\" data-start=\"421\" data-end=\"820\">En un mensaje difundido en redes sociales, Trump se\u00f1al\u00f3: \u201cAumentar\u00e9, con efecto inmediato, el arancel mundial del 10% al nivel m\u00e1ximo permitido y legalmente autorizado del 15%\u201d. El mandatario a\u00f1adi\u00f3 que, en los pr\u00f3ximos meses, su administraci\u00f3n revisar\u00e1 y ajustar\u00e1 las tarifas dentro de los m\u00e1rgenes legales, con el objetivo de fortalecer la econom\u00eda nacional y proteger la industria estadounidense.<\/p>\n<p style=\"text-align: justify;\" data-start=\"822\" data-end=\"1133\">Trump sostuvo que estas acciones forman parte de su estrategia para reforzar la competitividad del pa\u00eds y mantener su pol\u00edtica econ\u00f3mica enfocada en el fortalecimiento interno. Seg\u00fan explic\u00f3, la medida busca garantizar que la industria nacional se mantenga s\u00f3lida frente a importaciones que considera desleales.<\/p>\n","protected":false},"excerpt":{"rendered":"<p>EEUU.-\u00a0El presidente de Estados Unidos, Donald Trump, anunci\u00f3 que su gobierno elevar\u00e1 de manera inmediata el arancel global aplicado a las importaciones provenientes de pa\u00edses que, seg\u00fan afirm\u00f3, han perjudicado comercialmente a su pa\u00eds durante d\u00e9cadas. La decisi\u00f3n se produce tras el fallo de la Corte Suprema de Estados Unidos relacionado con las medidas arancelarias. En un mensaje difundido en redes sociales, Trump se\u00f1al\u00f3: \u201cAumentar\u00e9, con efecto inmediato, el arancel mundial del 10% al nivel m\u00e1ximo permitido y legalmente autorizado del 15%\u201d. El mandatario a\u00f1adi\u00f3 que, en los pr\u00f3ximos meses, su administraci\u00f3n revisar\u00e1 y ajustar\u00e1 las tarifas dentro de los [&hellip;]<\/p>\n","protected":false},"author":2,"featured_media":193886,"comment_status":"closed","ping_status":"closed","sticky":false,"template":"","format":"standard","meta":{"_monsterinsights_skip_tracking":false,"_monsterinsights_sitenote_active":false,"_monsterinsights_sitenote_note":"","_monsterinsights_sitenote_category":0,"footnotes":""},"categories":[40],"tags":[],"class_list":["post-193885","post","type-post","status-publish","format-standard","has-post-thumbnail","hentry","category-economia","post--single"],"_links":{"self":[{"href":"https:\/\/canal7slp.tv\/2026\/wp-json\/wp\/v2\/posts\/193885","targetHints":{"allow":["GET"]}}],"collection":[{"href":"https:\/\/canal7slp.tv\/2026\/wp-json\/wp\/v2\/posts"}],"about":[{"href":"https:\/\/canal7slp.tv\/2026\/wp-json\/wp\/v2\/types\/post"}],"author":[{"embeddable":true,"href":"https:\/\/canal7slp.tv\/2026\/wp-json\/wp\/v2\/users\/2"}],"replies":[{"embeddable":true,"href":"https:\/\/canal7slp.tv\/2026\/wp-json\/wp\/v2\/comments?post=193885"}],"version-history":[{"count":1,"href":"https:\/\/canal7slp.tv\/2026\/wp-json\/wp\/v2\/posts\/193885\/revisions"}],"predecessor-version":[{"id":193887,"href":"https:\/\/canal7slp.tv\/2026\/wp-json\/wp\/v2\/posts\/193885\/revisions\/193887"}],"wp:featuredmedia":[{"embeddable":true,"href":"https:\/\/canal7slp.tv\/2026\/wp-json\/wp\/v2\/media\/193886"}],"wp:attachment":[{"href":"https:\/\/canal7slp.tv\/2026\/wp-json\/wp\/v2\/media?parent=193885"}],"wp:term":[{"taxonomy":"category","embeddable":true,"href":"https:\/\/canal7slp.tv\/2026\/wp-json\/wp\/v2\/categories?post=193885"},{"taxonomy":"post_tag","embeddable":true,"href":"https:\/\/canal7slp.tv\/2026\/wp-json\/wp\/v2\/tags?post=193885"}],"curies":[{"name":"wp","href":"https:\/\/api.w.org\/{rel}","templated":true}]}}