{"id":193878,"date":"2026-02-21T10:38:32","date_gmt":"2026-02-21T16:38:32","guid":{"rendered":"https:\/\/canal7slp.tv\/2026\/?p=193878"},"modified":"2026-02-21T10:38:32","modified_gmt":"2026-02-21T16:38:32","slug":"solo-funcionarios-civiles-seran-afectados-por-nuevo-tope-a-pensiones","status":"publish","type":"post","link":"https:\/\/canal7slp.tv\/2026\/solo-funcionarios-civiles-seran-afectados-por-nuevo-tope-a-pensiones\/","title":{"rendered":"Solo funcionarios civiles ser\u00e1n afectados por nuevo tope a pensiones"},"content":{"rendered":"<p style=\"text-align: justify;\">M\u00e9xico.- La presidenta Claudia Sheinbaum anunci\u00f3 que la iniciativa de reforma constitucional para regular y limitar las pensiones de exfuncionarios del Gobierno federal y organismos descentralizados no incluir\u00e1 a los integrantes de las Fuerzas Armadas.<\/p>\n<p style=\"text-align: justify;\" data-start=\"1793\" data-end=\"2080\">Durante su conferencia matutina de este viernes en Irapuato, Guanajuato, la mandataria precis\u00f3 que la propuesta est\u00e1 dirigida exclusivamente al personal civil de confianza y a los altos mandos directivos de instituciones p\u00fablicas que actualmente reciben pensiones consideradas excesivas.<\/p>\n<p style=\"text-align: justify;\" data-start=\"2082\" data-end=\"2225\">\u201cObviamente, las Fuerzas Armadas no est\u00e1n incluidas en esto\u201d, afirm\u00f3 Sheinbaum, en referencia al D\u00eda del Ej\u00e9rcito, conmemorado el d\u00eda anterior.<\/p>\n<p style=\"text-align: justify;\" data-start=\"2227\" data-end=\"2413\">La iniciativa contempla modificar el art\u00edculo 127 de la Constituci\u00f3n para establecer que ninguna pensi\u00f3n de exfuncionarios de mando de confianza pueda superar los 70 mil pesos mensuales.<\/p>\n<p style=\"text-align: justify;\" data-start=\"2415\" data-end=\"2603\">La presidenta explic\u00f3 que la reforma busca atender casos de funcionarios que laboraron por periodos relativamente cortos y que, aun as\u00ed, reciben pensiones que ya no resultan justificables.<\/p>\n<p style=\"text-align: justify;\" data-start=\"2605\" data-end=\"2763\">Con esta medida, el Gobierno federal pretende garantizar un uso m\u00e1s eficiente de los recursos p\u00fablicos y avanzar hacia un sistema de pensiones m\u00e1s equitativo.<\/p>\n","protected":false},"excerpt":{"rendered":"<p>M\u00e9xico.- La presidenta Claudia Sheinbaum anunci\u00f3 que la iniciativa de reforma constitucional para regular y limitar las pensiones de exfuncionarios del Gobierno federal y organismos descentralizados no incluir\u00e1 a los integrantes de las Fuerzas Armadas. Durante su conferencia matutina de este viernes en Irapuato, Guanajuato, la mandataria precis\u00f3 que la propuesta est\u00e1 dirigida exclusivamente al personal civil de confianza y a los altos mandos directivos de instituciones p\u00fablicas que actualmente reciben pensiones consideradas excesivas. \u201cObviamente, las Fuerzas Armadas no est\u00e1n incluidas en esto\u201d, afirm\u00f3 Sheinbaum, en referencia al D\u00eda del Ej\u00e9rcito, conmemorado el d\u00eda anterior. La iniciativa contempla modificar el [&hellip;]<\/p>\n","protected":false},"author":2,"featured_media":193879,"comment_status":"closed","ping_status":"closed","sticky":false,"template":"","format":"standard","meta":{"_monsterinsights_skip_tracking":false,"_monsterinsights_sitenote_active":false,"_monsterinsights_sitenote_note":"","_monsterinsights_sitenote_category":0,"footnotes":""},"categories":[46],"tags":[],"class_list":["post-193878","post","type-post","status-publish","format-standard","has-post-thumbnail","hentry","category-nacional","post--single"],"_links":{"self":[{"href":"https:\/\/canal7slp.tv\/2026\/wp-json\/wp\/v2\/posts\/193878","targetHints":{"allow":["GET"]}}],"collection":[{"href":"https:\/\/canal7slp.tv\/2026\/wp-json\/wp\/v2\/posts"}],"about":[{"href":"https:\/\/canal7slp.tv\/2026\/wp-json\/wp\/v2\/types\/post"}],"author":[{"embeddable":true,"href":"https:\/\/canal7slp.tv\/2026\/wp-json\/wp\/v2\/users\/2"}],"replies":[{"embeddable":true,"href":"https:\/\/canal7slp.tv\/2026\/wp-json\/wp\/v2\/comments?post=193878"}],"version-history":[{"count":2,"href":"https:\/\/canal7slp.tv\/2026\/wp-json\/wp\/v2\/posts\/193878\/revisions"}],"predecessor-version":[{"id":193881,"href":"https:\/\/canal7slp.tv\/2026\/wp-json\/wp\/v2\/posts\/193878\/revisions\/193881"}],"wp:featuredmedia":[{"embeddable":true,"href":"https:\/\/canal7slp.tv\/2026\/wp-json\/wp\/v2\/media\/193879"}],"wp:attachment":[{"href":"https:\/\/canal7slp.tv\/2026\/wp-json\/wp\/v2\/media?parent=193878"}],"wp:term":[{"taxonomy":"category","embeddable":true,"href":"https:\/\/canal7slp.tv\/2026\/wp-json\/wp\/v2\/categories?post=193878"},{"taxonomy":"post_tag","embeddable":true,"href":"https:\/\/canal7slp.tv\/2026\/wp-json\/wp\/v2\/tags?post=193878"}],"curies":[{"name":"wp","href":"https:\/\/api.w.org\/{rel}","templated":true}]}}