{"id":193875,"date":"2026-02-21T10:25:37","date_gmt":"2026-02-21T16:25:37","guid":{"rendered":"https:\/\/canal7slp.tv\/2026\/?p=193875"},"modified":"2026-02-21T18:06:49","modified_gmt":"2026-02-22T00:06:49","slug":"diosdado-cabello-confirma-que-maduro-y-su-esposa-recibieron-su-primera-visita-consular-en-prision","status":"publish","type":"post","link":"https:\/\/canal7slp.tv\/2026\/diosdado-cabello-confirma-que-maduro-y-su-esposa-recibieron-su-primera-visita-consular-en-prision\/","title":{"rendered":"Diosdado Cabello confirma que Maduro y su esposa recibieron su primera visita consular en prisi\u00f3n"},"content":{"rendered":"<p style=\"text-align: justify;\" data-start=\"2317\" data-end=\"2802\">Caracas.- El ministro del Interior y Justicia de Venezuela, Diosdado Cabello, confirm\u00f3 este viernes que Nicol\u00e1s Maduro y su esposa, Cilia Flores, recibieron su primera visita consular desde su detenci\u00f3n el pasado 3 de enero por autoridades estadounidenses, tras una operaci\u00f3n militar en Caracas. Posteriormente, ambos fueron trasladados a Nueva York, donde permanecen recluidos en una prisi\u00f3n federal mientras enfrentan cargos relacionados con narcotr\u00e1fico.<\/p>\n<p style=\"text-align: justify;\" data-start=\"2804\" data-end=\"3230\">Cabello se\u00f1al\u00f3 que Maduro pudo comunicarse con un funcionario venezolano durante la visita, aunque no precis\u00f3 la fecha exacta del encuentro. Durante un acto p\u00fablico en Valles del Tuy, en el estado Miranda, el funcionario reiter\u00f3 que el Gobierno venezolano realiza gestiones permanentes para lograr la liberaci\u00f3n de la pareja. \u201cNo hay d\u00eda en el que no se haga una diligencia para que nos devuelvan a Nicol\u00e1s y a Cilia\u201d, afirm\u00f3.<\/p>\n<p style=\"text-align: justify;\" data-start=\"3232\" data-end=\"3566\">De acuerdo con una notificaci\u00f3n judicial, Maduro y Flores recibieron a un representante de Venezuela el 30 de enero, quien les ofreci\u00f3 asistencia consular y servicios necesarios durante su detenci\u00f3n. El acceso consular hab\u00eda sido autorizado por el juez Alvin Hellerstein durante la primera audiencia del caso, celebrada el 5 de enero.<\/p>\n<p style=\"text-align: justify;\" data-start=\"3568\" data-end=\"3874\">La pr\u00f3xima audiencia est\u00e1 programada para el 26 de marzo a las 11:00 horas, luego de que la Fiscal\u00eda solicitara un aplazamiento \u2014con el consentimiento de la defensa\u2014 para reunir m\u00e1s pruebas y permitir su revisi\u00f3n. El juez Hellerstein aprob\u00f3 la petici\u00f3n al considerar que responde al inter\u00e9s de la justicia.<\/p>\n<p style=\"text-align: justify;\" data-start=\"3876\" data-end=\"4084\">Maduro ha rechazado las acusaciones en su contra y se ha declarado \u201cun hombre inocente\u201d, al tiempo que ha calificado su captura como un acto pol\u00edtico, describi\u00e9ndose a s\u00ed mismo como un \u201cprisionero de guerra\u201d.<\/p>\n","protected":false},"excerpt":{"rendered":"<p>Caracas.- El ministro del Interior y Justicia de Venezuela, Diosdado Cabello, confirm\u00f3 este viernes que Nicol\u00e1s Maduro y su esposa, Cilia Flores, recibieron su primera visita consular desde su detenci\u00f3n el pasado 3 de enero por autoridades estadounidenses, tras una operaci\u00f3n militar en Caracas. Posteriormente, ambos fueron trasladados a Nueva York, donde permanecen recluidos en una prisi\u00f3n federal mientras enfrentan cargos relacionados con narcotr\u00e1fico. Cabello se\u00f1al\u00f3 que Maduro pudo comunicarse con un funcionario venezolano durante la visita, aunque no precis\u00f3 la fecha exacta del encuentro. Durante un acto p\u00fablico en Valles del Tuy, en el estado Miranda, el funcionario reiter\u00f3 [&hellip;]<\/p>\n","protected":false},"author":2,"featured_media":193876,"comment_status":"closed","ping_status":"closed","sticky":false,"template":"","format":"standard","meta":{"_monsterinsights_skip_tracking":false,"_monsterinsights_sitenote_active":false,"_monsterinsights_sitenote_note":"","_monsterinsights_sitenote_category":0,"footnotes":""},"categories":[44],"tags":[],"class_list":["post-193875","post","type-post","status-publish","format-standard","has-post-thumbnail","hentry","category-internacional","post--single"],"_links":{"self":[{"href":"https:\/\/canal7slp.tv\/2026\/wp-json\/wp\/v2\/posts\/193875","targetHints":{"allow":["GET"]}}],"collection":[{"href":"https:\/\/canal7slp.tv\/2026\/wp-json\/wp\/v2\/posts"}],"about":[{"href":"https:\/\/canal7slp.tv\/2026\/wp-json\/wp\/v2\/types\/post"}],"author":[{"embeddable":true,"href":"https:\/\/canal7slp.tv\/2026\/wp-json\/wp\/v2\/users\/2"}],"replies":[{"embeddable":true,"href":"https:\/\/canal7slp.tv\/2026\/wp-json\/wp\/v2\/comments?post=193875"}],"version-history":[{"count":1,"href":"https:\/\/canal7slp.tv\/2026\/wp-json\/wp\/v2\/posts\/193875\/revisions"}],"predecessor-version":[{"id":193877,"href":"https:\/\/canal7slp.tv\/2026\/wp-json\/wp\/v2\/posts\/193875\/revisions\/193877"}],"wp:featuredmedia":[{"embeddable":true,"href":"https:\/\/canal7slp.tv\/2026\/wp-json\/wp\/v2\/media\/193876"}],"wp:attachment":[{"href":"https:\/\/canal7slp.tv\/2026\/wp-json\/wp\/v2\/media?parent=193875"}],"wp:term":[{"taxonomy":"category","embeddable":true,"href":"https:\/\/canal7slp.tv\/2026\/wp-json\/wp\/v2\/categories?post=193875"},{"taxonomy":"post_tag","embeddable":true,"href":"https:\/\/canal7slp.tv\/2026\/wp-json\/wp\/v2\/tags?post=193875"}],"curies":[{"name":"wp","href":"https:\/\/api.w.org\/{rel}","templated":true}]}}