{"id":193872,"date":"2026-02-21T10:18:55","date_gmt":"2026-02-21T16:18:55","guid":{"rendered":"https:\/\/canal7slp.tv\/2026\/?p=193872"},"modified":"2026-02-21T10:18:55","modified_gmt":"2026-02-21T16:18:55","slug":"brasil-respira-tras-fallo-contra-aranceles-de-trump","status":"publish","type":"post","link":"https:\/\/canal7slp.tv\/2026\/brasil-respira-tras-fallo-contra-aranceles-de-trump\/","title":{"rendered":"Brasil respira tras fallo contra aranceles de Trump"},"content":{"rendered":"<p style=\"text-align: justify;\" data-start=\"1465\" data-end=\"1803\">M\u00e9xico.- Este viernes, la Corte Suprema de Estados Unidos fall\u00f3 en contra de los aranceles que el presidente Donald Trump hab\u00eda propuesto imponer a varios pa\u00edses, entre ellos Brasil, uno de los m\u00e1s afectados por la guerra comercial. El Gobierno brasile\u00f1o consider\u00f3 que esta anulaci\u00f3n parcial \u201cfortalece la relaci\u00f3n\u201d con la potencia norteamericana.<\/p>\n<p style=\"text-align: justify;\" data-start=\"1805\" data-end=\"2215\">El vicepresidente y ministro de Industria y Comercio de Brasil, Geraldo Alckmin, declar\u00f3 a periodistas en Brasilia que se trata de \u201cuna decisi\u00f3n importante que fortalece la relaci\u00f3n comercial entre Brasil y EE.UU.\u201d. Alckmin, quien coordina las negociaciones con la Administraci\u00f3n Trump, a\u00f1adi\u00f3 que cualquier compensaci\u00f3n derivada del fallo ser\u00e1 \u201cun asunto empresarial\u201d que depender\u00e1 de las compa\u00f1\u00edas afectadas.<\/p>\n<p style=\"text-align: justify;\" data-start=\"2217\" data-end=\"2478\">La Corte Suprema determin\u00f3 que el Gobierno estadounidense no tiene facultades inherentes en tiempos de paz para imponer aranceles bajo la Ley de Poderes de Emergencia Econ\u00f3mica Internacional de 1977, norma que Trump invoc\u00f3 para justificar su pol\u00edtica comercial.<\/p>\n<p style=\"text-align: justify;\" data-start=\"2480\" data-end=\"2773\">No obstante, el mandatario adelant\u00f3 que recurrir\u00e1 a la Ley de Comercio de 1974 para aplicar un arancel global del 10 %, cuyo anuncio est\u00e1 previsto en los pr\u00f3ximos d\u00edas. Ante este escenario, Alckmin pidi\u00f3 \u201ccautela\u201d y se\u00f1al\u00f3 que a\u00fan \u201cexisten muchas dudas\u201d sobre el alcance de las nuevas medidas.<\/p>\n<p style=\"text-align: justify;\" data-start=\"2775\" data-end=\"3056\">El vicepresidente brasile\u00f1o reiter\u00f3 que Brasil \u201csiempre\u201d ha mostrado disposici\u00f3n al di\u00e1logo con Estados Unidos y record\u00f3 que el presidente Luiz In\u00e1cio Lula da Silva tiene previsto reunirse con Trump en marzo, con el objetivo de consolidar el deshielo en las relaciones bilaterales.<\/p>\n<p style=\"text-align: justify;\" data-start=\"3058\" data-end=\"3494\">Cabe recordar que Estados Unidos lleg\u00f3 a imponer aranceles de hasta el 50 % a productos brasile\u00f1os, en represalia por la condena a 27 a\u00f1os de prisi\u00f3n contra el expresidente Jair Bolsonaro, aliado de Trump, por intento de golpe de Estado. Sin embargo, tras un encuentro informal entre Lula y Trump durante la Asamblea General de la ONU en septiembre pasado, ambos pa\u00edses iniciaron un di\u00e1logo que permiti\u00f3 eliminar parte de estas tarifas.<\/p>\n<p style=\"text-align: justify;\" data-start=\"3496\" data-end=\"3801\">A pesar de ello, algunos productos, como el caf\u00e9 soluble, contin\u00faan sujetos a aranceles del 50 %. Alckmin expres\u00f3 su confianza en que las negociaciones contin\u00faen y permitan impulsar \u201cm\u00e1s comercio, m\u00e1s inversiones rec\u00edprocas y m\u00e1s crecimiento\u201d para ambas econom\u00edas. \u201cEsperamos poder avanzar m\u00e1s\u201d, concluy\u00f3.<\/p>\n","protected":false},"excerpt":{"rendered":"<p>M\u00e9xico.- Este viernes, la Corte Suprema de Estados Unidos fall\u00f3 en contra de los aranceles que el presidente Donald Trump hab\u00eda propuesto imponer a varios pa\u00edses, entre ellos Brasil, uno de los m\u00e1s afectados por la guerra comercial. El Gobierno brasile\u00f1o consider\u00f3 que esta anulaci\u00f3n parcial \u201cfortalece la relaci\u00f3n\u201d con la potencia norteamericana. El vicepresidente y ministro de Industria y Comercio de Brasil, Geraldo Alckmin, declar\u00f3 a periodistas en Brasilia que se trata de \u201cuna decisi\u00f3n importante que fortalece la relaci\u00f3n comercial entre Brasil y EE.UU.\u201d. Alckmin, quien coordina las negociaciones con la Administraci\u00f3n Trump, a\u00f1adi\u00f3 que cualquier compensaci\u00f3n derivada [&hellip;]<\/p>\n","protected":false},"author":2,"featured_media":193873,"comment_status":"closed","ping_status":"closed","sticky":false,"template":"","format":"standard","meta":{"_monsterinsights_skip_tracking":false,"_monsterinsights_sitenote_active":false,"_monsterinsights_sitenote_note":"","_monsterinsights_sitenote_category":0,"footnotes":""},"categories":[44],"tags":[],"class_list":["post-193872","post","type-post","status-publish","format-standard","has-post-thumbnail","hentry","category-internacional","post--single"],"_links":{"self":[{"href":"https:\/\/canal7slp.tv\/2026\/wp-json\/wp\/v2\/posts\/193872","targetHints":{"allow":["GET"]}}],"collection":[{"href":"https:\/\/canal7slp.tv\/2026\/wp-json\/wp\/v2\/posts"}],"about":[{"href":"https:\/\/canal7slp.tv\/2026\/wp-json\/wp\/v2\/types\/post"}],"author":[{"embeddable":true,"href":"https:\/\/canal7slp.tv\/2026\/wp-json\/wp\/v2\/users\/2"}],"replies":[{"embeddable":true,"href":"https:\/\/canal7slp.tv\/2026\/wp-json\/wp\/v2\/comments?post=193872"}],"version-history":[{"count":1,"href":"https:\/\/canal7slp.tv\/2026\/wp-json\/wp\/v2\/posts\/193872\/revisions"}],"predecessor-version":[{"id":193874,"href":"https:\/\/canal7slp.tv\/2026\/wp-json\/wp\/v2\/posts\/193872\/revisions\/193874"}],"wp:featuredmedia":[{"embeddable":true,"href":"https:\/\/canal7slp.tv\/2026\/wp-json\/wp\/v2\/media\/193873"}],"wp:attachment":[{"href":"https:\/\/canal7slp.tv\/2026\/wp-json\/wp\/v2\/media?parent=193872"}],"wp:term":[{"taxonomy":"category","embeddable":true,"href":"https:\/\/canal7slp.tv\/2026\/wp-json\/wp\/v2\/categories?post=193872"},{"taxonomy":"post_tag","embeddable":true,"href":"https:\/\/canal7slp.tv\/2026\/wp-json\/wp\/v2\/tags?post=193872"}],"curies":[{"name":"wp","href":"https:\/\/api.w.org\/{rel}","templated":true}]}}