{"id":193869,"date":"2026-02-21T10:09:45","date_gmt":"2026-02-21T16:09:45","guid":{"rendered":"https:\/\/canal7slp.tv\/2026\/?p=193869"},"modified":"2026-02-21T10:09:45","modified_gmt":"2026-02-21T16:09:45","slug":"presidencia-plantea-renombrar-al-inm-como-instituto-de-movilidad-humana","status":"publish","type":"post","link":"https:\/\/canal7slp.tv\/2026\/presidencia-plantea-renombrar-al-inm-como-instituto-de-movilidad-humana\/","title":{"rendered":"Presidencia plantea renombrar al INM como Instituto de Movilidad Humana"},"content":{"rendered":"<p style=\"text-align: justify;\">M\u00e9xico.- La presidenta Claudia Sheinbaum Pardo anunci\u00f3 una iniciativa para cambiar el nombre del Instituto Nacional de Migraci\u00f3n (INM) a Instituto de Movilidad Humana. No obstante, especialistas advierten que la modificaci\u00f3n ser\u00eda insuficiente si no se acompa\u00f1a de una reforma estructural que desmantele el esquema de detenci\u00f3n migratoria y la militarizaci\u00f3n impulsada durante el sexenio del expresidente Andr\u00e9s Manuel L\u00f3pez Obrador.<\/p>\n<p style=\"text-align: justify;\" data-start=\"2062\" data-end=\"2530\">Expertos y exfuncionarios del INM han se\u00f1alado que la militarizaci\u00f3n del organismo, que incluy\u00f3 la designaci\u00f3n de 19 delegados estatales provenientes de las Fuerzas Armadas \u2014de los cuales a\u00fan permanecen ocho\u2014, ha derivado en la falta de personal con el perfil t\u00e9cnico y la experiencia necesarios. Esto ha generado preocupaci\u00f3n de que el cambio de nombre sea \u00fanicamente un eufemismo, sin un compromiso real hacia una pol\u00edtica migratoria con enfoque en derechos humanos.<\/p>\n<p style=\"text-align: justify;\" data-start=\"2532\" data-end=\"2987\">Tonatiuh Guill\u00e9n, excomisionado del INM, subray\u00f3 la necesidad de una reestructuraci\u00f3n institucional que garantice el respeto a los derechos de las personas migrantes y refugiadas, al advertir que \u201ccambiar por cambiar no garantiza nada\u201d. En el mismo sentido, Alethia Fern\u00e1ndez de la Reguera, especialista en migraci\u00f3n, se\u00f1al\u00f3 que el t\u00e9rmino \u201cmovilidad humana\u201d no implica necesariamente una pol\u00edtica m\u00e1s humanitaria y podr\u00eda ocultar problemas estructurales.<\/p>\n<p style=\"text-align: justify;\" data-start=\"2989\" data-end=\"3546\">Por su parte, Jer\u00f3nimo del R\u00edo, investigador en derechos humanos, afirm\u00f3 que cualquier transformaci\u00f3n debe contemplar la desmilitarizaci\u00f3n de los centros de detenci\u00f3n y la eliminaci\u00f3n de la participaci\u00f3n de la Guardia Nacional en tareas de control migratorio. A su vez, Luis Xavier Carranc\u00e1, abogado de la Cl\u00ednica Jur\u00eddica para Refugiados Ala\u00edde Foppa, coincidi\u00f3 en que el cambio de nombre podr\u00eda resultar meramente simb\u00f3lico si no se acompa\u00f1a de una reforma integral que atienda la persecuci\u00f3n de migrantes y garantice una gesti\u00f3n adecuada de su situaci\u00f3n.<\/p>\n<p style=\"text-align: justify;\" data-start=\"3548\" data-end=\"4025\">Los especialistas coinciden en que es indispensable modificar la narrativa institucional sobre la migraci\u00f3n, reconociendo a las personas migrantes como actores que contribuyen al desarrollo del pa\u00eds y no como amenazas. Si bien la propuesta presidencial busca redefinir el enfoque del organismo hacia la movilidad humana, subrayan que ser\u00e1 necesario un compromiso real y acciones concretas para que el cambio se traduzca en una transformaci\u00f3n efectiva de la pol\u00edtica migratoria.<\/p>\n","protected":false},"excerpt":{"rendered":"<p>M\u00e9xico.- La presidenta Claudia Sheinbaum Pardo anunci\u00f3 una iniciativa para cambiar el nombre del Instituto Nacional de Migraci\u00f3n (INM) a Instituto de Movilidad Humana. No obstante, especialistas advierten que la modificaci\u00f3n ser\u00eda insuficiente si no se acompa\u00f1a de una reforma estructural que desmantele el esquema de detenci\u00f3n migratoria y la militarizaci\u00f3n impulsada durante el sexenio del expresidente Andr\u00e9s Manuel L\u00f3pez Obrador. Expertos y exfuncionarios del INM han se\u00f1alado que la militarizaci\u00f3n del organismo, que incluy\u00f3 la designaci\u00f3n de 19 delegados estatales provenientes de las Fuerzas Armadas \u2014de los cuales a\u00fan permanecen ocho\u2014, ha derivado en la falta de personal con [&hellip;]<\/p>\n","protected":false},"author":2,"featured_media":193870,"comment_status":"closed","ping_status":"closed","sticky":false,"template":"","format":"standard","meta":{"_monsterinsights_skip_tracking":false,"_monsterinsights_sitenote_active":false,"_monsterinsights_sitenote_note":"","_monsterinsights_sitenote_category":0,"footnotes":""},"categories":[46],"tags":[],"class_list":["post-193869","post","type-post","status-publish","format-standard","has-post-thumbnail","hentry","category-nacional","post--single"],"_links":{"self":[{"href":"https:\/\/canal7slp.tv\/2026\/wp-json\/wp\/v2\/posts\/193869","targetHints":{"allow":["GET"]}}],"collection":[{"href":"https:\/\/canal7slp.tv\/2026\/wp-json\/wp\/v2\/posts"}],"about":[{"href":"https:\/\/canal7slp.tv\/2026\/wp-json\/wp\/v2\/types\/post"}],"author":[{"embeddable":true,"href":"https:\/\/canal7slp.tv\/2026\/wp-json\/wp\/v2\/users\/2"}],"replies":[{"embeddable":true,"href":"https:\/\/canal7slp.tv\/2026\/wp-json\/wp\/v2\/comments?post=193869"}],"version-history":[{"count":1,"href":"https:\/\/canal7slp.tv\/2026\/wp-json\/wp\/v2\/posts\/193869\/revisions"}],"predecessor-version":[{"id":193871,"href":"https:\/\/canal7slp.tv\/2026\/wp-json\/wp\/v2\/posts\/193869\/revisions\/193871"}],"wp:featuredmedia":[{"embeddable":true,"href":"https:\/\/canal7slp.tv\/2026\/wp-json\/wp\/v2\/media\/193870"}],"wp:attachment":[{"href":"https:\/\/canal7slp.tv\/2026\/wp-json\/wp\/v2\/media?parent=193869"}],"wp:term":[{"taxonomy":"category","embeddable":true,"href":"https:\/\/canal7slp.tv\/2026\/wp-json\/wp\/v2\/categories?post=193869"},{"taxonomy":"post_tag","embeddable":true,"href":"https:\/\/canal7slp.tv\/2026\/wp-json\/wp\/v2\/tags?post=193869"}],"curies":[{"name":"wp","href":"https:\/\/api.w.org\/{rel}","templated":true}]}}