{"id":193866,"date":"2026-02-21T09:59:39","date_gmt":"2026-02-21T15:59:39","guid":{"rendered":"https:\/\/canal7slp.tv\/2026\/?p=193866"},"modified":"2026-02-21T18:06:41","modified_gmt":"2026-02-22T00:06:41","slug":"choque-frontal-de-trenes-de-ferromex-en-sonora-deja-varios-lesionados","status":"publish","type":"post","link":"https:\/\/canal7slp.tv\/2026\/choque-frontal-de-trenes-de-ferromex-en-sonora-deja-varios-lesionados\/","title":{"rendered":"Choque frontal de trenes de Ferromex en Sonora deja varios lesionados"},"content":{"rendered":"<p style=\"text-align: justify;\">Nogales.- La noche del viernes se registr\u00f3 un choque frontal entre dos trenes de carga de la empresa Ferromex, a la altura del kil\u00f3metro 21, en la zona fronteriza de Nogales, Sonora.<\/p>\n<p style=\"text-align: justify;\" data-start=\"1713\" data-end=\"1884\">De acuerdo con informes preliminares, una locomotora que realizaba maniobras fue impactada por otra unidad que circulaba en sentido contrario, lo que provoc\u00f3 el accidente.<\/p>\n<p style=\"text-align: justify;\" data-start=\"1886\" data-end=\"2118\">La Coordinaci\u00f3n Estatal de Protecci\u00f3n Civil (CEPC) inform\u00f3 que el percance ocurri\u00f3 cerca de una carretera, dejando a varias personas lesionadas. Los afectados fueron atendidos en el lugar por cuerpos de emergencia y personal m\u00e9dico.<\/p>\n<p style=\"text-align: justify;\" data-start=\"2120\" data-end=\"2373\">Elementos de los tres \u00f3rdenes de gobierno se trasladaron a la zona para coordinar las labores de auxilio y garantizar la seguridad en el \u00e1rea. Las autoridades recomendaron a la poblaci\u00f3n evitar la zona y facilitar el acceso a las unidades de emergencia.<\/p>\n<p style=\"text-align: justify;\" data-start=\"2375\" data-end=\"2600\">Hasta el momento, no se han dado a conocer oficialmente las causas del accidente ni el n\u00famero exacto de personas lesionadas. Se espera que esta informaci\u00f3n sea confirmada conforme avancen las investigaciones correspondientes.<\/p>\n","protected":false},"excerpt":{"rendered":"<p>Nogales.- La noche del viernes se registr\u00f3 un choque frontal entre dos trenes de carga de la empresa Ferromex, a la altura del kil\u00f3metro 21, en la zona fronteriza de Nogales, Sonora. De acuerdo con informes preliminares, una locomotora que realizaba maniobras fue impactada por otra unidad que circulaba en sentido contrario, lo que provoc\u00f3 el accidente. La Coordinaci\u00f3n Estatal de Protecci\u00f3n Civil (CEPC) inform\u00f3 que el percance ocurri\u00f3 cerca de una carretera, dejando a varias personas lesionadas. Los afectados fueron atendidos en el lugar por cuerpos de emergencia y personal m\u00e9dico. Elementos de los tres \u00f3rdenes de gobierno se [&hellip;]<\/p>\n","protected":false},"author":2,"featured_media":193867,"comment_status":"closed","ping_status":"closed","sticky":false,"template":"","format":"standard","meta":{"_monsterinsights_skip_tracking":false,"_monsterinsights_sitenote_active":false,"_monsterinsights_sitenote_note":"","_monsterinsights_sitenote_category":0,"footnotes":""},"categories":[46],"tags":[],"class_list":["post-193866","post","type-post","status-publish","format-standard","has-post-thumbnail","hentry","category-nacional","post--single"],"_links":{"self":[{"href":"https:\/\/canal7slp.tv\/2026\/wp-json\/wp\/v2\/posts\/193866","targetHints":{"allow":["GET"]}}],"collection":[{"href":"https:\/\/canal7slp.tv\/2026\/wp-json\/wp\/v2\/posts"}],"about":[{"href":"https:\/\/canal7slp.tv\/2026\/wp-json\/wp\/v2\/types\/post"}],"author":[{"embeddable":true,"href":"https:\/\/canal7slp.tv\/2026\/wp-json\/wp\/v2\/users\/2"}],"replies":[{"embeddable":true,"href":"https:\/\/canal7slp.tv\/2026\/wp-json\/wp\/v2\/comments?post=193866"}],"version-history":[{"count":1,"href":"https:\/\/canal7slp.tv\/2026\/wp-json\/wp\/v2\/posts\/193866\/revisions"}],"predecessor-version":[{"id":193868,"href":"https:\/\/canal7slp.tv\/2026\/wp-json\/wp\/v2\/posts\/193866\/revisions\/193868"}],"wp:featuredmedia":[{"embeddable":true,"href":"https:\/\/canal7slp.tv\/2026\/wp-json\/wp\/v2\/media\/193867"}],"wp:attachment":[{"href":"https:\/\/canal7slp.tv\/2026\/wp-json\/wp\/v2\/media?parent=193866"}],"wp:term":[{"taxonomy":"category","embeddable":true,"href":"https:\/\/canal7slp.tv\/2026\/wp-json\/wp\/v2\/categories?post=193866"},{"taxonomy":"post_tag","embeddable":true,"href":"https:\/\/canal7slp.tv\/2026\/wp-json\/wp\/v2\/tags?post=193866"}],"curies":[{"name":"wp","href":"https:\/\/api.w.org\/{rel}","templated":true}]}}