{"id":193829,"date":"2026-02-20T18:54:27","date_gmt":"2026-02-21T00:54:27","guid":{"rendered":"https:\/\/canal7slp.tv\/2026\/?p=193829"},"modified":"2026-02-20T18:54:27","modified_gmt":"2026-02-21T00:54:27","slug":"se-esperan-grandes-expectativas-con-el-festival-internacional-san-luis-en-primavera-aseguro-la-directora-de-turismo-municipal","status":"publish","type":"post","link":"https:\/\/canal7slp.tv\/2026\/se-esperan-grandes-expectativas-con-el-festival-internacional-san-luis-en-primavera-aseguro-la-directora-de-turismo-municipal\/","title":{"rendered":"Se esperan grandes expectativas con el Festival Internacional San Luis en Primavera, asegur\u00f3 la directora de Turismo Municipal"},"content":{"rendered":"<p style=\"text-align: justify;\"><span style=\"font-size: 1.21429rem;\">SLP.- Al hablar sobre las expectativas para la quinta edici\u00f3n del Festival Internacional San Luis en Primavera que tendr\u00e1 verificativo en Semana Santa, la directora de Turismo Municipal Claudia Peralta destac\u00f3 la Procesi\u00f3n del Silencio y el Torneo Internacional de Tenis Challenger, pero tambi\u00e9n muchos otros eventos art\u00edsticos y culturales con innovaciones.<\/span><\/p>\n<p style=\"text-align: justify;\">En este contexto la funcionaria municipal afirm\u00f3 que se est\u00e1 preparando la cartelera art\u00edstica para este evento aunque no adelant\u00f3 quienes estar\u00e1n en las presentaciones.<\/p>\n<p style=\"text-align: justify;\">En cuanto al n\u00famero de visitantes al Festival Interncional San Luis en Primavera la titular de Turismo, destac\u00f3 que se espera una afluencia superior a los 100 mil turistas en la capital potosina adem\u00e1s de una derrama econ\u00f3mica superior a los 300 millones de pesos.<\/p>\n<p style=\"text-align: justify;\">Por: Claudio Ibarra<\/p>\n","protected":false},"excerpt":{"rendered":"<p>SLP.- Al hablar sobre las expectativas para la quinta edici\u00f3n del Festival Internacional San Luis en Primavera que tendr\u00e1 verificativo en Semana Santa, la directora de Turismo Municipal Claudia Peralta destac\u00f3 la Procesi\u00f3n del Silencio y el Torneo Internacional de Tenis Challenger, pero tambi\u00e9n muchos otros eventos art\u00edsticos y culturales con innovaciones. En este contexto la funcionaria municipal afirm\u00f3 que se est\u00e1 preparando la cartelera art\u00edstica para este evento aunque no adelant\u00f3 quienes estar\u00e1n en las presentaciones. En cuanto al n\u00famero de visitantes al Festival Interncional San Luis en Primavera la titular de Turismo, destac\u00f3 que se espera una afluencia [&hellip;]<\/p>\n","protected":false},"author":2,"featured_media":193840,"comment_status":"closed","ping_status":"closed","sticky":false,"template":"","format":"video","meta":{"_monsterinsights_skip_tracking":false,"_monsterinsights_sitenote_active":false,"_monsterinsights_sitenote_note":"","_monsterinsights_sitenote_category":0,"footnotes":""},"categories":[66,5,45],"tags":[],"class_list":["post-193829","post","type-post","status-publish","format-video","has-post-thumbnail","hentry","category-ayoslp","category-destacadas","category-localesyregionales","post_format-post-format-video","post--single"],"_links":{"self":[{"href":"https:\/\/canal7slp.tv\/2026\/wp-json\/wp\/v2\/posts\/193829","targetHints":{"allow":["GET"]}}],"collection":[{"href":"https:\/\/canal7slp.tv\/2026\/wp-json\/wp\/v2\/posts"}],"about":[{"href":"https:\/\/canal7slp.tv\/2026\/wp-json\/wp\/v2\/types\/post"}],"author":[{"embeddable":true,"href":"https:\/\/canal7slp.tv\/2026\/wp-json\/wp\/v2\/users\/2"}],"replies":[{"embeddable":true,"href":"https:\/\/canal7slp.tv\/2026\/wp-json\/wp\/v2\/comments?post=193829"}],"version-history":[{"count":2,"href":"https:\/\/canal7slp.tv\/2026\/wp-json\/wp\/v2\/posts\/193829\/revisions"}],"predecessor-version":[{"id":193841,"href":"https:\/\/canal7slp.tv\/2026\/wp-json\/wp\/v2\/posts\/193829\/revisions\/193841"}],"wp:featuredmedia":[{"embeddable":true,"href":"https:\/\/canal7slp.tv\/2026\/wp-json\/wp\/v2\/media\/193840"}],"wp:attachment":[{"href":"https:\/\/canal7slp.tv\/2026\/wp-json\/wp\/v2\/media?parent=193829"}],"wp:term":[{"taxonomy":"category","embeddable":true,"href":"https:\/\/canal7slp.tv\/2026\/wp-json\/wp\/v2\/categories?post=193829"},{"taxonomy":"post_tag","embeddable":true,"href":"https:\/\/canal7slp.tv\/2026\/wp-json\/wp\/v2\/tags?post=193829"}],"curies":[{"name":"wp","href":"https:\/\/api.w.org\/{rel}","templated":true}]}}