{"id":193788,"date":"2026-02-20T15:04:59","date_gmt":"2026-02-20T21:04:59","guid":{"rendered":"https:\/\/canal7slp.tv\/2026\/?p=193788"},"modified":"2026-02-20T15:04:59","modified_gmt":"2026-02-20T21:04:59","slug":"ebrard-pide-prudencia-tras-anuncio-de-arancel-global-de-trump","status":"publish","type":"post","link":"https:\/\/canal7slp.tv\/2026\/ebrard-pide-prudencia-tras-anuncio-de-arancel-global-de-trump\/","title":{"rendered":"Ebrard pide prudencia tras anuncio de arancel global de Trump"},"content":{"rendered":"<p style=\"text-align: justify;\">\n<p style=\"text-align: justify;\">M\u00e9xico.- Tras el anuncio del expresidente de Estados Unidos, Donald Trump, sobre la imposici\u00f3n de un arancel global del 10%, el secretario de Econom\u00eda, Marcelo Ebrard, llam\u00f3 a actuar con \u201cprudencia\u201d y \u201csangre fr\u00eda\u201d ante el posible impacto de la medida.<\/p>\n<p style=\"text-align: justify;\">El funcionario inform\u00f3 que viajar\u00e1 a Washington la pr\u00f3xima semana con el objetivo de obtener claridad sobre el alcance de las nuevas disposiciones y defender los intereses comerciales de M\u00e9xico.<\/p>\n<p style=\"text-align: justify;\">\u201cLo primero que tenemos que hacer es actuar con sangre fr\u00eda para poder determinar su impacto y c\u00f3mo vamos a actuar, porque \u00e9l acaba de anunciar que va a imponer otros aranceles en sustituci\u00f3n de los que fueron retirados por la corte. Tenemos que ver c\u00f3mo se aplicar\u00e1n\u201d, declar\u00f3 Ebrard ante medios de comunicaci\u00f3n.<\/p>\n<p style=\"text-align: justify;\">El secretario subray\u00f3 que la decisi\u00f3n de la Suprema Corte de Estados Unidos, que anul\u00f3 aranceles sustentados en poderes de emergencia, ocurri\u00f3 casi de manera simult\u00e1nea con el anuncio de Trump sobre la imposici\u00f3n de nuevos grav\u00e1menes en sustituci\u00f3n de los anteriores.<\/p>\n<p style=\"text-align: justify;\">Ante este escenario, el gobierno mexicano inici\u00f3 el an\u00e1lisis de las posibles implicaciones econ\u00f3micas y comerciales de la medida.<\/p>\n","protected":false},"excerpt":{"rendered":"<p>M\u00e9xico.- Tras el anuncio del expresidente de Estados Unidos, Donald Trump, sobre la imposici\u00f3n de un arancel global del 10%, el secretario de Econom\u00eda, Marcelo Ebrard, llam\u00f3 a actuar con \u201cprudencia\u201d y \u201csangre fr\u00eda\u201d ante el posible impacto de la medida. El funcionario inform\u00f3 que viajar\u00e1 a Washington la pr\u00f3xima semana con el objetivo de obtener claridad sobre el alcance de las nuevas disposiciones y defender los intereses comerciales de M\u00e9xico. \u201cLo primero que tenemos que hacer es actuar con sangre fr\u00eda para poder determinar su impacto y c\u00f3mo vamos a actuar, porque \u00e9l acaba de anunciar que va a [&hellip;]<\/p>\n","protected":false},"author":2,"featured_media":193789,"comment_status":"closed","ping_status":"closed","sticky":false,"template":"","format":"standard","meta":{"_monsterinsights_skip_tracking":false,"_monsterinsights_sitenote_active":false,"_monsterinsights_sitenote_note":"","_monsterinsights_sitenote_category":0,"footnotes":""},"categories":[46],"tags":[],"class_list":["post-193788","post","type-post","status-publish","format-standard","has-post-thumbnail","hentry","category-nacional","post--single"],"_links":{"self":[{"href":"https:\/\/canal7slp.tv\/2026\/wp-json\/wp\/v2\/posts\/193788","targetHints":{"allow":["GET"]}}],"collection":[{"href":"https:\/\/canal7slp.tv\/2026\/wp-json\/wp\/v2\/posts"}],"about":[{"href":"https:\/\/canal7slp.tv\/2026\/wp-json\/wp\/v2\/types\/post"}],"author":[{"embeddable":true,"href":"https:\/\/canal7slp.tv\/2026\/wp-json\/wp\/v2\/users\/2"}],"replies":[{"embeddable":true,"href":"https:\/\/canal7slp.tv\/2026\/wp-json\/wp\/v2\/comments?post=193788"}],"version-history":[{"count":1,"href":"https:\/\/canal7slp.tv\/2026\/wp-json\/wp\/v2\/posts\/193788\/revisions"}],"predecessor-version":[{"id":193790,"href":"https:\/\/canal7slp.tv\/2026\/wp-json\/wp\/v2\/posts\/193788\/revisions\/193790"}],"wp:featuredmedia":[{"embeddable":true,"href":"https:\/\/canal7slp.tv\/2026\/wp-json\/wp\/v2\/media\/193789"}],"wp:attachment":[{"href":"https:\/\/canal7slp.tv\/2026\/wp-json\/wp\/v2\/media?parent=193788"}],"wp:term":[{"taxonomy":"category","embeddable":true,"href":"https:\/\/canal7slp.tv\/2026\/wp-json\/wp\/v2\/categories?post=193788"},{"taxonomy":"post_tag","embeddable":true,"href":"https:\/\/canal7slp.tv\/2026\/wp-json\/wp\/v2\/tags?post=193788"}],"curies":[{"name":"wp","href":"https:\/\/api.w.org\/{rel}","templated":true}]}}