{"id":193731,"date":"2026-02-19T18:43:06","date_gmt":"2026-02-20T00:43:06","guid":{"rendered":"https:\/\/canal7slp.tv\/2026\/?p=193731"},"modified":"2026-02-19T18:43:32","modified_gmt":"2026-02-20T00:43:32","slug":"patronato-de-la-fenapo-se-hara-cargo-directamente-del-palenque-para-evitar-la-reventa-de-boletos","status":"publish","type":"post","link":"https:\/\/canal7slp.tv\/2026\/patronato-de-la-fenapo-se-hara-cargo-directamente-del-palenque-para-evitar-la-reventa-de-boletos\/","title":{"rendered":"Patronato de la FENAPO se har\u00e1 cargo directamente del palenque para evitar la reventa de boletos"},"content":{"rendered":"<p style=\"text-align: justify;\">SLP.- El gobernador Ricardo Gallardo Cardona dio a conocer que para la edici\u00f3n de este a\u00f1o de la Feria Nacional Potosina el patronato de este evento operar\u00e1 de manera directa la venta de boletos del Palenque, eliminando con ello el esquema de concesi\u00f3n que en a\u00f1os anteriores gener\u00f3 inconformidades por la falta y reventa de boletos de las primeras filas.<\/p>\n<p style=\"text-align: justify;\">Al reiterar que el Palenque de la FENAPO ya no ser\u00e1 concesionado el mandatario estatal afirm\u00f3 que lo que se busca es que las primeras filas de este recinto, ya no se aparten ni sean exclusivas de nadie y que todo mundo pueda acceder a ellas a trav\u00e9s de la venta de boletos en l\u00ednea y de esta manera, dijo, evitar la reventa.<\/p>\n<p style=\"text-align: justify;\">Estim\u00f3 que para el pr\u00f3ximo mes de Mayo se prevee tener ya la cartelera completa de artistas que actuar\u00e1n en el Palenque para que la gente, pueda comprar de manera anticipada sus boletos.<\/p>\n<p>Por: Claudio Ibarra<\/p>\n","protected":false},"excerpt":{"rendered":"<p>SLP.- El gobernador Ricardo Gallardo Cardona dio a conocer que para la edici\u00f3n de este a\u00f1o de la Feria Nacional Potosina el patronato de este evento operar\u00e1 de manera directa la venta de boletos del Palenque, eliminando con ello el esquema de concesi\u00f3n que en a\u00f1os anteriores gener\u00f3 inconformidades por la falta y reventa de boletos de las primeras filas. Al reiterar que el Palenque de la FENAPO ya no ser\u00e1 concesionado el mandatario estatal afirm\u00f3 que lo que se busca es que las primeras filas de este recinto, ya no se aparten ni sean exclusivas de nadie y que [&hellip;]<\/p>\n","protected":false},"author":2,"featured_media":193733,"comment_status":"closed","ping_status":"closed","sticky":false,"template":"","format":"video","meta":{"_monsterinsights_skip_tracking":false,"_monsterinsights_sitenote_active":false,"_monsterinsights_sitenote_note":"","_monsterinsights_sitenote_category":0,"footnotes":""},"categories":[5,510,45],"tags":[],"class_list":["post-193731","post","type-post","status-publish","format-video","has-post-thumbnail","hentry","category-destacadas","category-gobedoslp","category-localesyregionales","post_format-post-format-video","post--single"],"_links":{"self":[{"href":"https:\/\/canal7slp.tv\/2026\/wp-json\/wp\/v2\/posts\/193731","targetHints":{"allow":["GET"]}}],"collection":[{"href":"https:\/\/canal7slp.tv\/2026\/wp-json\/wp\/v2\/posts"}],"about":[{"href":"https:\/\/canal7slp.tv\/2026\/wp-json\/wp\/v2\/types\/post"}],"author":[{"embeddable":true,"href":"https:\/\/canal7slp.tv\/2026\/wp-json\/wp\/v2\/users\/2"}],"replies":[{"embeddable":true,"href":"https:\/\/canal7slp.tv\/2026\/wp-json\/wp\/v2\/comments?post=193731"}],"version-history":[{"count":1,"href":"https:\/\/canal7slp.tv\/2026\/wp-json\/wp\/v2\/posts\/193731\/revisions"}],"predecessor-version":[{"id":193734,"href":"https:\/\/canal7slp.tv\/2026\/wp-json\/wp\/v2\/posts\/193731\/revisions\/193734"}],"wp:featuredmedia":[{"embeddable":true,"href":"https:\/\/canal7slp.tv\/2026\/wp-json\/wp\/v2\/media\/193733"}],"wp:attachment":[{"href":"https:\/\/canal7slp.tv\/2026\/wp-json\/wp\/v2\/media?parent=193731"}],"wp:term":[{"taxonomy":"category","embeddable":true,"href":"https:\/\/canal7slp.tv\/2026\/wp-json\/wp\/v2\/categories?post=193731"},{"taxonomy":"post_tag","embeddable":true,"href":"https:\/\/canal7slp.tv\/2026\/wp-json\/wp\/v2\/tags?post=193731"}],"curies":[{"name":"wp","href":"https:\/\/api.w.org\/{rel}","templated":true}]}}