{"id":193719,"date":"2026-02-19T18:22:16","date_gmt":"2026-02-20T00:22:16","guid":{"rendered":"https:\/\/canal7slp.tv\/2026\/?p=193719"},"modified":"2026-02-19T18:22:16","modified_gmt":"2026-02-20T00:22:16","slug":"se-reunen-integrantes-del-consejo-empresarial-mexicano","status":"publish","type":"post","link":"https:\/\/canal7slp.tv\/2026\/se-reunen-integrantes-del-consejo-empresarial-mexicano\/","title":{"rendered":"Se re\u00fanen integrantes del Consejo Empresarial Mexicano"},"content":{"rendered":"<p style=\"text-align: justify;\">SLP.- En el marco de un encuentro con empresarios el presidente del Consejo Enpresarial Mexicano Francisco Javier Ram\u00edrez, afirm\u00f3 que este organismo siempre est\u00e1 atento al entorno que se vive tanto a nivel nacional como local, y en la defensa siempre de los valores y en la cr\u00edtica constructiva de las pol\u00edticas p\u00fablicas.<\/p>\n<p style=\"text-align: justify;\">En este encuentro participaron diversos ponentes en donde el entorno pol\u00edtico y la seguridad fueron los principales temas que se abordaron, ante un numeroso grupo de invitados de la clase empresarial.<\/p>\n<p style=\"text-align: justify;\">En entrevista, se\u00f1al\u00f3 que este organismo ha mantenido una vigilancia activa en temas cruciales como la reforma electoral, la seguridad y la pol\u00edtica energ\u00e9tica, que aseguren condiciones de inversi\u00f3n en el estado.<\/p>\n<p style=\"text-align: justify;\">En el tema de la seguridad el presidente del Consejo Empresarial Mexicano en San Luis Potos\u00ed consider\u00f3 que la percepci\u00f3n que tienen los potosinos, evidentemente no es la misma seg\u00fan desde el entorno social donde se viva.<\/p>\n<p>Por: Claudio Ibarra<\/p>\n","protected":false},"excerpt":{"rendered":"<p>SLP.- En el marco de un encuentro con empresarios el presidente del Consejo Enpresarial Mexicano Francisco Javier Ram\u00edrez, afirm\u00f3 que este organismo siempre est\u00e1 atento al entorno que se vive tanto a nivel nacional como local, y en la defensa siempre de los valores y en la cr\u00edtica constructiva de las pol\u00edticas p\u00fablicas. En este encuentro participaron diversos ponentes en donde el entorno pol\u00edtico y la seguridad fueron los principales temas que se abordaron, ante un numeroso grupo de invitados de la clase empresarial. En entrevista, se\u00f1al\u00f3 que este organismo ha mantenido una vigilancia activa en temas cruciales como la [&hellip;]<\/p>\n","protected":false},"author":2,"featured_media":193721,"comment_status":"closed","ping_status":"closed","sticky":false,"template":"","format":"video","meta":{"_monsterinsights_skip_tracking":false,"_monsterinsights_sitenote_active":false,"_monsterinsights_sitenote_note":"","_monsterinsights_sitenote_category":0,"footnotes":""},"categories":[5,45],"tags":[],"class_list":["post-193719","post","type-post","status-publish","format-video","has-post-thumbnail","hentry","category-destacadas","category-localesyregionales","post_format-post-format-video","post--single"],"_links":{"self":[{"href":"https:\/\/canal7slp.tv\/2026\/wp-json\/wp\/v2\/posts\/193719","targetHints":{"allow":["GET"]}}],"collection":[{"href":"https:\/\/canal7slp.tv\/2026\/wp-json\/wp\/v2\/posts"}],"about":[{"href":"https:\/\/canal7slp.tv\/2026\/wp-json\/wp\/v2\/types\/post"}],"author":[{"embeddable":true,"href":"https:\/\/canal7slp.tv\/2026\/wp-json\/wp\/v2\/users\/2"}],"replies":[{"embeddable":true,"href":"https:\/\/canal7slp.tv\/2026\/wp-json\/wp\/v2\/comments?post=193719"}],"version-history":[{"count":1,"href":"https:\/\/canal7slp.tv\/2026\/wp-json\/wp\/v2\/posts\/193719\/revisions"}],"predecessor-version":[{"id":193722,"href":"https:\/\/canal7slp.tv\/2026\/wp-json\/wp\/v2\/posts\/193719\/revisions\/193722"}],"wp:featuredmedia":[{"embeddable":true,"href":"https:\/\/canal7slp.tv\/2026\/wp-json\/wp\/v2\/media\/193721"}],"wp:attachment":[{"href":"https:\/\/canal7slp.tv\/2026\/wp-json\/wp\/v2\/media?parent=193719"}],"wp:term":[{"taxonomy":"category","embeddable":true,"href":"https:\/\/canal7slp.tv\/2026\/wp-json\/wp\/v2\/categories?post=193719"},{"taxonomy":"post_tag","embeddable":true,"href":"https:\/\/canal7slp.tv\/2026\/wp-json\/wp\/v2\/tags?post=193719"}],"curies":[{"name":"wp","href":"https:\/\/api.w.org\/{rel}","templated":true}]}}