{"id":193700,"date":"2026-02-19T17:43:31","date_gmt":"2026-02-19T23:43:31","guid":{"rendered":"https:\/\/canal7slp.tv\/2026\/?p=193700"},"modified":"2026-02-19T17:43:31","modified_gmt":"2026-02-19T23:43:31","slug":"empleate-sin-limites-ofrecio-mas-de-300-vacantes-en-industria-metal-mecanica-plastica-y-automotriz","status":"publish","type":"post","link":"https:\/\/canal7slp.tv\/2026\/empleate-sin-limites-ofrecio-mas-de-300-vacantes-en-industria-metal-mecanica-plastica-y-automotriz\/","title":{"rendered":"\u201cEmpl\u00e9ate sin L\u00edmites\u201d ofreci\u00f3 m\u00e1s de 300 vacantes en industria metal-mec\u00e1nica, pl\u00e1stica y automotriz"},"content":{"rendered":"<p style=\"text-align: justify;\"><span style=\"font-size: 1.21429rem;\">SLP.- \u00abEmpl\u00e9ate sin L\u00edmites\u00bb, evento dise\u00f1ado para encontrar trabajo remunerado econ\u00f3micamente se realiz\u00f3 de manera conjunta por diversas \u00e1reas de Gobierno del Estado de San Luis Potos\u00ed e iniciativa privada en favor de buscadores de oferta laboral.<\/span><\/p>\n<p style=\"text-align: justify;\">La directora general de Sinergia Organizaci\u00f3n Laboral, Cinthia Cervantes de la Torre, indic\u00f3 que se cont\u00f3 con m\u00e1s de 300 espacios de trabajo en diversas \u00e1reas de la industria.<\/p>\n<p style=\"text-align: justify;\">\u00abEl objetivo de esta feria es ser un v\u00ednculo entre quienes dan la fuente de empleo y quienes est\u00e1n buscando el empleo, est\u00e1n participando aproximadamente 13 empresas, pero en total son 16 centros de trabajo (&#8230;) est\u00e1n entre 300 y 400 vacantes las que hoy se est\u00e1n ofertando\u00bb.<\/p>\n<p style=\"text-align: justify;\">Las empresas que ofrecieron labor son de la industria metal-mec\u00e1nica, pl\u00e1stica y de piezas automotrices, todo esto en las instalaciones del Instituto Potosino de la Juventud, su director Jes\u00fas Adolfo Rubio Vel\u00e1zquez asever\u00f3 que este tipo de actividades son positivas.<\/p>\n<p style=\"text-align: justify;\">\u201cContentos de recibirlos a todos y a cada uno de ellos hoy (\u2026) esta feria del empleo es una oportunidad para que los j\u00f3venes potosinos puedan cumplir sus sue\u00f1os a trav\u00e9s de un empleo formal\u201d.<\/p>\n<p style=\"text-align: justify;\">Por su parte, el titular de la Secretar\u00eda del Trabajo y Previsi\u00f3n Social, Cris\u00f3gono S\u00e1nchez Lara, extern\u00f3 que es obligaci\u00f3n del gobierno estatal ofrecer espacios de labor para los ciudadanos que as\u00ed lo requieren.<\/p>\n<p style=\"text-align: justify;\">\u201cEste esfuerzo no es menor, aqu\u00ed se atiende de manera directa a buscadores de empleo, acerc\u00e1ndole oportunidades reales, inmediatas y formales en un espacio accesible incluyente y pensando para la gente trabajadora\u201d.<\/p>\n<p style=\"text-align: justify;\">Por: Juan Carlos Contreras<\/p>\n","protected":false},"excerpt":{"rendered":"<p>SLP.- \u00abEmpl\u00e9ate sin L\u00edmites\u00bb, evento dise\u00f1ado para encontrar trabajo remunerado econ\u00f3micamente se realiz\u00f3 de manera conjunta por diversas \u00e1reas de Gobierno del Estado de San Luis Potos\u00ed e iniciativa privada en favor de buscadores de oferta laboral. La directora general de Sinergia Organizaci\u00f3n Laboral, Cinthia Cervantes de la Torre, indic\u00f3 que se cont\u00f3 con m\u00e1s de 300 espacios de trabajo en diversas \u00e1reas de la industria. \u00abEl objetivo de esta feria es ser un v\u00ednculo entre quienes dan la fuente de empleo y quienes est\u00e1n buscando el empleo, est\u00e1n participando aproximadamente 13 empresas, pero en total son 16 centros de [&hellip;]<\/p>\n","protected":false},"author":2,"featured_media":193710,"comment_status":"closed","ping_status":"closed","sticky":false,"template":"","format":"video","meta":{"_monsterinsights_skip_tracking":false,"_monsterinsights_sitenote_active":false,"_monsterinsights_sitenote_note":"","_monsterinsights_sitenote_category":0,"footnotes":""},"categories":[5,510,45],"tags":[],"class_list":["post-193700","post","type-post","status-publish","format-video","has-post-thumbnail","hentry","category-destacadas","category-gobedoslp","category-localesyregionales","post_format-post-format-video","post--single"],"_links":{"self":[{"href":"https:\/\/canal7slp.tv\/2026\/wp-json\/wp\/v2\/posts\/193700","targetHints":{"allow":["GET"]}}],"collection":[{"href":"https:\/\/canal7slp.tv\/2026\/wp-json\/wp\/v2\/posts"}],"about":[{"href":"https:\/\/canal7slp.tv\/2026\/wp-json\/wp\/v2\/types\/post"}],"author":[{"embeddable":true,"href":"https:\/\/canal7slp.tv\/2026\/wp-json\/wp\/v2\/users\/2"}],"replies":[{"embeddable":true,"href":"https:\/\/canal7slp.tv\/2026\/wp-json\/wp\/v2\/comments?post=193700"}],"version-history":[{"count":2,"href":"https:\/\/canal7slp.tv\/2026\/wp-json\/wp\/v2\/posts\/193700\/revisions"}],"predecessor-version":[{"id":193715,"href":"https:\/\/canal7slp.tv\/2026\/wp-json\/wp\/v2\/posts\/193700\/revisions\/193715"}],"wp:featuredmedia":[{"embeddable":true,"href":"https:\/\/canal7slp.tv\/2026\/wp-json\/wp\/v2\/media\/193710"}],"wp:attachment":[{"href":"https:\/\/canal7slp.tv\/2026\/wp-json\/wp\/v2\/media?parent=193700"}],"wp:term":[{"taxonomy":"category","embeddable":true,"href":"https:\/\/canal7slp.tv\/2026\/wp-json\/wp\/v2\/categories?post=193700"},{"taxonomy":"post_tag","embeddable":true,"href":"https:\/\/canal7slp.tv\/2026\/wp-json\/wp\/v2\/tags?post=193700"}],"curies":[{"name":"wp","href":"https:\/\/api.w.org\/{rel}","templated":true}]}}