{"id":193699,"date":"2026-02-19T18:00:35","date_gmt":"2026-02-20T00:00:35","guid":{"rendered":"https:\/\/canal7slp.tv\/2026\/?p=193699"},"modified":"2026-02-19T18:00:35","modified_gmt":"2026-02-20T00:00:35","slug":"al-cierre-de-2025-se-perdieron-siete-mil-empleos-formales-en-slp-aderiac","status":"publish","type":"post","link":"https:\/\/canal7slp.tv\/2026\/al-cierre-de-2025-se-perdieron-siete-mil-empleos-formales-en-slp-aderiac\/","title":{"rendered":"Al cierre de 2025 se perdieron siete mil empleos formales en SLP: ADERIAC"},"content":{"rendered":"<p style=\"text-align: justify;\">SLP.- Al cierre del a\u00f1o 2025 se perdieron alrededor de siete mil espacios laborales formales, as\u00ed lo expuso la presidenta de la Asociaci\u00f3n de Ejecutivos de la Gesti\u00f3n del Talento Humano Asociaci\u00f3n Civil, Graciela Zendejas Gonz\u00e1lez.<\/p>\n<p style=\"text-align: justify;\">\u201cPorque sabemos que tuvo un impacto alto, fueron alrededor de casi siete mil empleos que ah\u00ed estamos viendo qu\u00e9 poder trabajar con ellos\u201d.<\/p>\n<p style=\"text-align: justify;\">Se\u00f1al\u00f3 que es necesario recuperar a la brevedad los empleos, sin que se tenga un tiempo estimado en la cobertura.<\/p>\n<p style=\"text-align: justify;\">\u201cNo la hay ahorita por parte de ADERIAC, no lo tenemos bien sustentado, porque eso sale mucho de los proyectos que se traen fuera de la asociaci\u00f3n\u201d.<\/p>\n<p style=\"text-align: justify;\">A pesar de que pareciera una cifra alarmante de desempleo, calific\u00f3 esta baja como \u201cnormal\u201d.<\/p>\n<p style=\"text-align: justify;\">\u201cLa verdad es natural, diciembre-enero, lo que es baja, ausentismo, rotaci\u00f3n en las empresas es natural y pues la din\u00e1mica de lo que es la labor, la mano de obra\u201d.<\/p>\n<p style=\"text-align: justify;\">Sin embargo, reconoci\u00f3 que la cantidad de siete mil empleos perdidos es considerable.<\/p>\n<p style=\"text-align: justify;\">\u201cS\u00ed fue diferente, pero eso no va a hacer que pues hagamos caos al respecto, pero s\u00ed es una tendencia natural, a\u00f1os altos, a\u00f1os bajos y este a\u00f1o s\u00ed fue un poquito diferente\u201d.<\/p>\n<p>Por: Juan Carlos Contreras<\/p>\n","protected":false},"excerpt":{"rendered":"<p>SLP.- Al cierre del a\u00f1o 2025 se perdieron alrededor de siete mil espacios laborales formales, as\u00ed lo expuso la presidenta de la Asociaci\u00f3n de Ejecutivos de la Gesti\u00f3n del Talento Humano Asociaci\u00f3n Civil, Graciela Zendejas Gonz\u00e1lez. \u201cPorque sabemos que tuvo un impacto alto, fueron alrededor de casi siete mil empleos que ah\u00ed estamos viendo qu\u00e9 poder trabajar con ellos\u201d. Se\u00f1al\u00f3 que es necesario recuperar a la brevedad los empleos, sin que se tenga un tiempo estimado en la cobertura. \u201cNo la hay ahorita por parte de ADERIAC, no lo tenemos bien sustentado, porque eso sale mucho de los proyectos que [&hellip;]<\/p>\n","protected":false},"author":2,"featured_media":193713,"comment_status":"closed","ping_status":"closed","sticky":false,"template":"","format":"video","meta":{"_monsterinsights_skip_tracking":false,"_monsterinsights_sitenote_active":false,"_monsterinsights_sitenote_note":"","_monsterinsights_sitenote_category":0,"footnotes":""},"categories":[5,45],"tags":[],"class_list":["post-193699","post","type-post","status-publish","format-video","has-post-thumbnail","hentry","category-destacadas","category-localesyregionales","post_format-post-format-video","post--single"],"_links":{"self":[{"href":"https:\/\/canal7slp.tv\/2026\/wp-json\/wp\/v2\/posts\/193699","targetHints":{"allow":["GET"]}}],"collection":[{"href":"https:\/\/canal7slp.tv\/2026\/wp-json\/wp\/v2\/posts"}],"about":[{"href":"https:\/\/canal7slp.tv\/2026\/wp-json\/wp\/v2\/types\/post"}],"author":[{"embeddable":true,"href":"https:\/\/canal7slp.tv\/2026\/wp-json\/wp\/v2\/users\/2"}],"replies":[{"embeddable":true,"href":"https:\/\/canal7slp.tv\/2026\/wp-json\/wp\/v2\/comments?post=193699"}],"version-history":[{"count":2,"href":"https:\/\/canal7slp.tv\/2026\/wp-json\/wp\/v2\/posts\/193699\/revisions"}],"predecessor-version":[{"id":193718,"href":"https:\/\/canal7slp.tv\/2026\/wp-json\/wp\/v2\/posts\/193699\/revisions\/193718"}],"wp:featuredmedia":[{"embeddable":true,"href":"https:\/\/canal7slp.tv\/2026\/wp-json\/wp\/v2\/media\/193713"}],"wp:attachment":[{"href":"https:\/\/canal7slp.tv\/2026\/wp-json\/wp\/v2\/media?parent=193699"}],"wp:term":[{"taxonomy":"category","embeddable":true,"href":"https:\/\/canal7slp.tv\/2026\/wp-json\/wp\/v2\/categories?post=193699"},{"taxonomy":"post_tag","embeddable":true,"href":"https:\/\/canal7slp.tv\/2026\/wp-json\/wp\/v2\/tags?post=193699"}],"curies":[{"name":"wp","href":"https:\/\/api.w.org\/{rel}","templated":true}]}}