{"id":193690,"date":"2026-02-19T15:16:27","date_gmt":"2026-02-19T21:16:27","guid":{"rendered":"https:\/\/canal7slp.tv\/2026\/?p=193690"},"modified":"2026-02-19T15:16:27","modified_gmt":"2026-02-19T21:16:27","slug":"muere-nino-de-dos-anos-por-presunto-sarampion-en-guerrero","status":"publish","type":"post","link":"https:\/\/canal7slp.tv\/2026\/muere-nino-de-dos-anos-por-presunto-sarampion-en-guerrero\/","title":{"rendered":"Muere ni\u00f1o de dos a\u00f1os por presunto sarampi\u00f3n en Guerrero"},"content":{"rendered":"<p style=\"text-align: justify;\">\n<ul style=\"text-align: justify;\">\n<li>Alertan brote en comunidad ind\u00edgena.<\/li>\n<\/ul>\n<p style=\"text-align: justify;\">Cochoapa.- La Secretar\u00eda de Salud de Guerrero confirm\u00f3 el primer fallecimiento relacionado con el sarampi\u00f3n en el municipio de Cochoapa el Grande, ubicado en la regi\u00f3n Monta\u00f1a. La v\u00edctima fue un ni\u00f1o de dos a\u00f1os, originario de una comunidad ind\u00edgena.<\/p>\n<p style=\"text-align: justify;\">Aunque el caso no cuenta con confirmaci\u00f3n por laboratorio, el hermano gemelo del menor dio positivo a la prueba de sarampi\u00f3n, por lo que las autoridades clasificaron el fallecimiento como una \u201cdefunci\u00f3n por asociaci\u00f3n epidemiol\u00f3gica\u201d.<\/p>\n<p style=\"text-align: justify;\">De acuerdo con reportes locales, al menos 20 personas han resultado contagiadas, seg\u00fan denunci\u00f3 una profesora de la zona identificada como \u201cProfe Hada\u201d, quien solicit\u00f3 de manera urgente la presencia de personal m\u00e9dico en la comunidad, considerada una de las m\u00e1s pobres del pa\u00eds.<\/p>\n<p style=\"text-align: justify;\">Un documento oficial de la Escuela Primaria Federal Biling\u00fce Vicente Guerrero, fechado el 4 de febrero, ya advert\u00eda sobre un brote de sarampi\u00f3n y solicitaba el env\u00edo inmediato de una brigada de vacunaci\u00f3n. En ese momento, se ten\u00edan registrados tres alumnos contagiados en primer grado, ocho en segundo y dos en cuarto grado. El escrito tambi\u00e9n alertaba que algunos menores presentaban cuadros avanzados de la enfermedad y urg\u00eda la implementaci\u00f3n de una campa\u00f1a de vacunaci\u00f3n.<\/p>\n<p style=\"text-align: justify;\">Este jueves, la Secretar\u00eda de Salud estatal inform\u00f3 que ha intensificado las acciones preventivas y de orientaci\u00f3n en la regi\u00f3n Monta\u00f1a, con el objetivo de contener los contagios y fortalecer la vigilancia epidemiol\u00f3gica.<\/p>\n<p style=\"text-align: justify;\">Entre las medidas implementadas se encuentran pl\u00e1ticas informativas en escuelas, visitas domiciliarias y participaci\u00f3n en radiodifusoras locales, con el fin de difundir informaci\u00f3n sobre los s\u00edntomas del sarampi\u00f3n, la importancia de completar los esquemas de vacunaci\u00f3n y la necesidad de acudir a servicios m\u00e9dicos ante casos sospechosos.<\/p>\n<p style=\"text-align: justify;\">En Guerrero, se han reportado 286 casos de sarampi\u00f3n, de los cuales 43 han sido confirmados en lo que va del a\u00f1o.<\/p>\n<p style=\"text-align: justify;\">A nivel nacional, la Secretar\u00eda de Salud ha registrado 10 mil 085 casos confirmados y 31 defunciones hasta el momento. Tan solo esta semana, se reportaron tres nuevos contagios.<\/p>\n","protected":false},"excerpt":{"rendered":"<p>Alertan brote en comunidad ind\u00edgena. Cochoapa.- La Secretar\u00eda de Salud de Guerrero confirm\u00f3 el primer fallecimiento relacionado con el sarampi\u00f3n en el municipio de Cochoapa el Grande, ubicado en la regi\u00f3n Monta\u00f1a. La v\u00edctima fue un ni\u00f1o de dos a\u00f1os, originario de una comunidad ind\u00edgena. Aunque el caso no cuenta con confirmaci\u00f3n por laboratorio, el hermano gemelo del menor dio positivo a la prueba de sarampi\u00f3n, por lo que las autoridades clasificaron el fallecimiento como una \u201cdefunci\u00f3n por asociaci\u00f3n epidemiol\u00f3gica\u201d. De acuerdo con reportes locales, al menos 20 personas han resultado contagiadas, seg\u00fan denunci\u00f3 una profesora de la zona identificada [&hellip;]<\/p>\n","protected":false},"author":2,"featured_media":193691,"comment_status":"closed","ping_status":"closed","sticky":false,"template":"","format":"standard","meta":{"_monsterinsights_skip_tracking":false,"_monsterinsights_sitenote_active":false,"_monsterinsights_sitenote_note":"","_monsterinsights_sitenote_category":0,"footnotes":""},"categories":[46],"tags":[],"class_list":["post-193690","post","type-post","status-publish","format-standard","has-post-thumbnail","hentry","category-nacional","post--single"],"_links":{"self":[{"href":"https:\/\/canal7slp.tv\/2026\/wp-json\/wp\/v2\/posts\/193690","targetHints":{"allow":["GET"]}}],"collection":[{"href":"https:\/\/canal7slp.tv\/2026\/wp-json\/wp\/v2\/posts"}],"about":[{"href":"https:\/\/canal7slp.tv\/2026\/wp-json\/wp\/v2\/types\/post"}],"author":[{"embeddable":true,"href":"https:\/\/canal7slp.tv\/2026\/wp-json\/wp\/v2\/users\/2"}],"replies":[{"embeddable":true,"href":"https:\/\/canal7slp.tv\/2026\/wp-json\/wp\/v2\/comments?post=193690"}],"version-history":[{"count":1,"href":"https:\/\/canal7slp.tv\/2026\/wp-json\/wp\/v2\/posts\/193690\/revisions"}],"predecessor-version":[{"id":193692,"href":"https:\/\/canal7slp.tv\/2026\/wp-json\/wp\/v2\/posts\/193690\/revisions\/193692"}],"wp:featuredmedia":[{"embeddable":true,"href":"https:\/\/canal7slp.tv\/2026\/wp-json\/wp\/v2\/media\/193691"}],"wp:attachment":[{"href":"https:\/\/canal7slp.tv\/2026\/wp-json\/wp\/v2\/media?parent=193690"}],"wp:term":[{"taxonomy":"category","embeddable":true,"href":"https:\/\/canal7slp.tv\/2026\/wp-json\/wp\/v2\/categories?post=193690"},{"taxonomy":"post_tag","embeddable":true,"href":"https:\/\/canal7slp.tv\/2026\/wp-json\/wp\/v2\/tags?post=193690"}],"curies":[{"name":"wp","href":"https:\/\/api.w.org\/{rel}","templated":true}]}}