{"id":193654,"date":"2026-02-19T13:58:59","date_gmt":"2026-02-19T19:58:59","guid":{"rendered":"https:\/\/canal7slp.tv\/2026\/?p=193654"},"modified":"2026-02-19T13:58:59","modified_gmt":"2026-02-19T19:58:59","slug":"trump-reune-a-mas-de-40-lideres-en-washington-para-impulsar-su-nueva-junta-de-paz","status":"publish","type":"post","link":"https:\/\/canal7slp.tv\/2026\/trump-reune-a-mas-de-40-lideres-en-washington-para-impulsar-su-nueva-junta-de-paz\/","title":{"rendered":"Trump re\u00fane a m\u00e1s de 40 l\u00edderes en Washington para impulsar su nueva Junta de Paz"},"content":{"rendered":"<p style=\"text-align: justify;\">\n<p style=\"text-align: justify;\">Washington.- Este jueves 19 de febrero se realiz\u00f3 en Washington la primera reuni\u00f3n de la Junta de Paz, una iniciativa impulsada por el presidente de Estados Unidos, Donald Trump. Al encuentro asistieron m\u00e1s de 40 l\u00edderes y representantes de distintos pa\u00edses, marcando el inicio formal de esta nueva organizaci\u00f3n, cuyo primer tema de trabajo ser\u00e1 la situaci\u00f3n en Gaza.<\/p>\n<p style=\"text-align: justify;\">Durante la inauguraci\u00f3n, Trump destac\u00f3 la relevancia del organismo y asegur\u00f3 que se trata de una instancia sin precedentes en t\u00e9rminos de influencia y alcance internacional.<\/p>\n<p style=\"text-align: justify;\">Entre los asistentes estuvieron el presidente de Argentina, Javier Milei; el presidente de Paraguay, Santiago Pe\u00f1a; el primer ministro de Hungr\u00eda, Viktor Orb\u00e1n; as\u00ed como representantes de pa\u00edses como Indonesia, Camboya y Vietnam.<\/p>\n<p style=\"text-align: justify;\">El mandatario estadounidense afirm\u00f3 que la mayor\u00eda de los pa\u00edses invitados han aceptado integrarse a la iniciativa, aunque reconoci\u00f3 que algunos han mostrado reservas. En ese contexto, expres\u00f3 su confianza en que eventualmente todos se sumar\u00e1n al proyecto.<\/p>\n<p style=\"text-align: justify;\">Durante la reuni\u00f3n, Trump tambi\u00e9n solicit\u00f3 que se pusieran de pie los representantes de pa\u00edses cuyos conflictos, asegur\u00f3, han contado con el apoyo de su gobierno para avanzar hacia soluciones pac\u00edficas.<\/p>\n<p style=\"text-align: justify;\">Asimismo, se prev\u00e9 que el presidente anuncie un compromiso superior a los 5 mil millones de d\u00f3lares destinados a ayuda humanitaria y labores de reconstrucci\u00f3n en Gaza.<\/p>\n<p style=\"text-align: justify;\">El evento cont\u00f3 con la participaci\u00f3n del vicepresidente JD Vance, el secretario de Estado Marco Rubio y otros altos funcionarios estadounidenses. Aunque el primer ministro de Israel, Benjam\u00edn Netanyahu, no asisti\u00f3, su pa\u00eds estuvo representado por el ministro de Exteriores, Gideon Saar.<\/p>\n<p style=\"text-align: justify;\">M\u00e9xico participar\u00e1 en calidad de observador, junto con otras naciones como Ruman\u00eda, Italia y la Rep\u00fablica Checa.<\/p>\n<p style=\"text-align: justify;\">Trump se\u00f1al\u00f3 que la Junta de Paz colaborar\u00e1 con las Naciones Unidas en determinados casos y que su alcance no se limitar\u00e1 a Gaza, sino que buscar\u00e1 intervenir en otros conflictos internacionales. La organizaci\u00f3n fue concebida inicialmente para supervisar el plan de paz en Gaza tras el conflicto entre Israel y Ham\u00e1s, pero su mandato se ha ampliado con el objetivo de contribuir a la resoluci\u00f3n de conflictos a nivel global.<\/p>\n","protected":false},"excerpt":{"rendered":"<p>Washington.- Este jueves 19 de febrero se realiz\u00f3 en Washington la primera reuni\u00f3n de la Junta de Paz, una iniciativa impulsada por el presidente de Estados Unidos, Donald Trump. Al encuentro asistieron m\u00e1s de 40 l\u00edderes y representantes de distintos pa\u00edses, marcando el inicio formal de esta nueva organizaci\u00f3n, cuyo primer tema de trabajo ser\u00e1 la situaci\u00f3n en Gaza. Durante la inauguraci\u00f3n, Trump destac\u00f3 la relevancia del organismo y asegur\u00f3 que se trata de una instancia sin precedentes en t\u00e9rminos de influencia y alcance internacional. Entre los asistentes estuvieron el presidente de Argentina, Javier Milei; el presidente de Paraguay, Santiago [&hellip;]<\/p>\n","protected":false},"author":2,"featured_media":193655,"comment_status":"closed","ping_status":"closed","sticky":false,"template":"","format":"standard","meta":{"_monsterinsights_skip_tracking":false,"_monsterinsights_sitenote_active":false,"_monsterinsights_sitenote_note":"","_monsterinsights_sitenote_category":0,"footnotes":""},"categories":[44],"tags":[],"class_list":["post-193654","post","type-post","status-publish","format-standard","has-post-thumbnail","hentry","category-internacional","post--single"],"_links":{"self":[{"href":"https:\/\/canal7slp.tv\/2026\/wp-json\/wp\/v2\/posts\/193654","targetHints":{"allow":["GET"]}}],"collection":[{"href":"https:\/\/canal7slp.tv\/2026\/wp-json\/wp\/v2\/posts"}],"about":[{"href":"https:\/\/canal7slp.tv\/2026\/wp-json\/wp\/v2\/types\/post"}],"author":[{"embeddable":true,"href":"https:\/\/canal7slp.tv\/2026\/wp-json\/wp\/v2\/users\/2"}],"replies":[{"embeddable":true,"href":"https:\/\/canal7slp.tv\/2026\/wp-json\/wp\/v2\/comments?post=193654"}],"version-history":[{"count":1,"href":"https:\/\/canal7slp.tv\/2026\/wp-json\/wp\/v2\/posts\/193654\/revisions"}],"predecessor-version":[{"id":193656,"href":"https:\/\/canal7slp.tv\/2026\/wp-json\/wp\/v2\/posts\/193654\/revisions\/193656"}],"wp:featuredmedia":[{"embeddable":true,"href":"https:\/\/canal7slp.tv\/2026\/wp-json\/wp\/v2\/media\/193655"}],"wp:attachment":[{"href":"https:\/\/canal7slp.tv\/2026\/wp-json\/wp\/v2\/media?parent=193654"}],"wp:term":[{"taxonomy":"category","embeddable":true,"href":"https:\/\/canal7slp.tv\/2026\/wp-json\/wp\/v2\/categories?post=193654"},{"taxonomy":"post_tag","embeddable":true,"href":"https:\/\/canal7slp.tv\/2026\/wp-json\/wp\/v2\/tags?post=193654"}],"curies":[{"name":"wp","href":"https:\/\/api.w.org\/{rel}","templated":true}]}}