{"id":193585,"date":"2026-02-18T18:11:55","date_gmt":"2026-02-19T00:11:55","guid":{"rendered":"https:\/\/canal7slp.tv\/2026\/?p=193585"},"modified":"2026-02-18T18:11:55","modified_gmt":"2026-02-19T00:11:55","slug":"llama-el-arzobispo-de-san-luis-potosi-a-vacunarse-contra-el-sarampion","status":"publish","type":"post","link":"https:\/\/canal7slp.tv\/2026\/llama-el-arzobispo-de-san-luis-potosi-a-vacunarse-contra-el-sarampion\/","title":{"rendered":"Llama el Arzobispo de San Luis Potos\u00ed a vacunarse contra el sarampi\u00f3n"},"content":{"rendered":"<p style=\"text-align: justify;\"><span style=\"font-size: 1.21429rem;\">SLP.- Ante un eventual contagio por casos de sarampi\u00f3n el Arzobispo de San Luis Potos\u00ed Jorge Alberto Cavazos Arizpe hizo un llamado a la poblaci\u00f3n en general, a vacunarse como una medida de protecci\u00f3n.<\/span><\/p>\n<p style=\"text-align: justify;\">Se\u00f1al\u00f3 que la temporada de Cuaresma es una buena oportunidad para reflexionar sobre la salud personal por lo que reiter\u00f3 su llamado, para acudir a los centros de vacunaci\u00f3n.<\/p>\n<p style=\"text-align: justify;\">El Arzobispo de San Luis afirm\u00f3 que la salud es un tema importante que no se debe dejar para despu\u00e9s al comentar que las autoridades en la materia, han estado haciendo bien su trabajo para informar a la poblaci\u00f3n sobre los puestos de vacunaci\u00f3n, y las campa\u00f1as de prevenci\u00f3n que ha emprendido.<\/p>\n<p style=\"text-align: justify;\">Dijo tambi\u00e9n que debe retomarse la experiencia que dej\u00f3 el COVID para que no se repitan los lamentables decesos que dej\u00f3 esta pandemia.<\/p>\n<p style=\"text-align: justify;\">Por: Claudio Ibarra<\/p>\n","protected":false},"excerpt":{"rendered":"<p>SLP.- Ante un eventual contagio por casos de sarampi\u00f3n el Arzobispo de San Luis Potos\u00ed Jorge Alberto Cavazos Arizpe hizo un llamado a la poblaci\u00f3n en general, a vacunarse como una medida de protecci\u00f3n. Se\u00f1al\u00f3 que la temporada de Cuaresma es una buena oportunidad para reflexionar sobre la salud personal por lo que reiter\u00f3 su llamado, para acudir a los centros de vacunaci\u00f3n. El Arzobispo de San Luis afirm\u00f3 que la salud es un tema importante que no se debe dejar para despu\u00e9s al comentar que las autoridades en la materia, han estado haciendo bien su trabajo para informar a [&hellip;]<\/p>\n","protected":false},"author":2,"featured_media":193615,"comment_status":"closed","ping_status":"closed","sticky":false,"template":"","format":"video","meta":{"_monsterinsights_skip_tracking":false,"_monsterinsights_sitenote_active":false,"_monsterinsights_sitenote_note":"","_monsterinsights_sitenote_category":0,"footnotes":""},"categories":[5,45],"tags":[],"class_list":["post-193585","post","type-post","status-publish","format-video","has-post-thumbnail","hentry","category-destacadas","category-localesyregionales","post_format-post-format-video","post--single"],"_links":{"self":[{"href":"https:\/\/canal7slp.tv\/2026\/wp-json\/wp\/v2\/posts\/193585","targetHints":{"allow":["GET"]}}],"collection":[{"href":"https:\/\/canal7slp.tv\/2026\/wp-json\/wp\/v2\/posts"}],"about":[{"href":"https:\/\/canal7slp.tv\/2026\/wp-json\/wp\/v2\/types\/post"}],"author":[{"embeddable":true,"href":"https:\/\/canal7slp.tv\/2026\/wp-json\/wp\/v2\/users\/2"}],"replies":[{"embeddable":true,"href":"https:\/\/canal7slp.tv\/2026\/wp-json\/wp\/v2\/comments?post=193585"}],"version-history":[{"count":2,"href":"https:\/\/canal7slp.tv\/2026\/wp-json\/wp\/v2\/posts\/193585\/revisions"}],"predecessor-version":[{"id":193631,"href":"https:\/\/canal7slp.tv\/2026\/wp-json\/wp\/v2\/posts\/193585\/revisions\/193631"}],"wp:featuredmedia":[{"embeddable":true,"href":"https:\/\/canal7slp.tv\/2026\/wp-json\/wp\/v2\/media\/193615"}],"wp:attachment":[{"href":"https:\/\/canal7slp.tv\/2026\/wp-json\/wp\/v2\/media?parent=193585"}],"wp:term":[{"taxonomy":"category","embeddable":true,"href":"https:\/\/canal7slp.tv\/2026\/wp-json\/wp\/v2\/categories?post=193585"},{"taxonomy":"post_tag","embeddable":true,"href":"https:\/\/canal7slp.tv\/2026\/wp-json\/wp\/v2\/tags?post=193585"}],"curies":[{"name":"wp","href":"https:\/\/api.w.org\/{rel}","templated":true}]}}