{"id":193573,"date":"2026-02-18T15:07:46","date_gmt":"2026-02-18T21:07:46","guid":{"rendered":"https:\/\/canal7slp.tv\/2026\/?p=193573"},"modified":"2026-02-18T15:07:46","modified_gmt":"2026-02-18T21:07:46","slug":"capturan-en-cdmx-a-presunto-responsable-del-secuestro-y-asesinato-de-familia-en-michoacan","status":"publish","type":"post","link":"https:\/\/canal7slp.tv\/2026\/capturan-en-cdmx-a-presunto-responsable-del-secuestro-y-asesinato-de-familia-en-michoacan\/","title":{"rendered":"Capturan en CDMX a presunto responsable del secuestro y asesinato de familia en Michoac\u00e1n"},"content":{"rendered":"<p style=\"text-align: justify;\">Ciudad de M\u00e9xico.- La Fiscal\u00eda General del Estado de Michoac\u00e1n (FGE) inform\u00f3 la detenci\u00f3n de Dilan Kaled \u201cN\u201d, se\u00f1alado como presunto responsable de los delitos de secuestro expr\u00e9s agravado y homicidio en agravio de Anayeli \u201cN\u201d, V\u00edctor Manuel \u201cN\u201d y su hija adolescente, hechos ocurridos el pasado 15 de enero. Las v\u00edctimas se desempe\u00f1aban como int\u00e9rpretes de lengua de se\u00f1as en el sector p\u00fablico en Michoac\u00e1n.<\/p>\n<p style=\"text-align: justify;\">La captura se realiz\u00f3 en la colonia Doctores, alcald\u00eda Cuauht\u00e9moc, en la Ciudad de M\u00e9xico, en cumplimiento de una orden de aprehensi\u00f3n emitida por un juez de control. La Fiscal\u00eda indic\u00f3 que la detenci\u00f3n fue resultado de trabajos de inteligencia y de la coordinaci\u00f3n entre diversas instituciones, entre ellas la Subsecretar\u00eda de Investigaci\u00f3n Especializada de la Secretar\u00eda de Seguridad P\u00fablica y la Fiscal\u00eda General de Justicia de la Ciudad de M\u00e9xico.<\/p>\n<p style=\"text-align: justify;\">Con esta acci\u00f3n, suman ya dos personas detenidas por su presunta participaci\u00f3n en el crimen, ya que previamente Alfredo \u201cN\u201d hab\u00eda sido vinculado a proceso por estos hechos.<\/p>\n<p style=\"text-align: justify;\">De acuerdo con las investigaciones, los cuerpos de las v\u00edctimas fueron localizados el 17 de enero sobre la autopista M\u00e9xico-Guadalajara, luego de que fueran reportadas como desaparecidas en Morelia.<\/p>\n<p style=\"text-align: justify;\">Las primeras l\u00edneas de investigaci\u00f3n se\u00f1alan que el m\u00f3vil del crimen podr\u00eda estar relacionado con conflictos familiares y no con la actividad profesional de las v\u00edctimas. La Fiscal\u00eda estatal reiter\u00f3 que continuar\u00e1 con las indagatorias para esclarecer plenamente el caso y detener a otros posibles responsables, con el fin de que los hechos no queden impunes.<\/p>\n","protected":false},"excerpt":{"rendered":"<p>Ciudad de M\u00e9xico.- La Fiscal\u00eda General del Estado de Michoac\u00e1n (FGE) inform\u00f3 la detenci\u00f3n de Dilan Kaled \u201cN\u201d, se\u00f1alado como presunto responsable de los delitos de secuestro expr\u00e9s agravado y homicidio en agravio de Anayeli \u201cN\u201d, V\u00edctor Manuel \u201cN\u201d y su hija adolescente, hechos ocurridos el pasado 15 de enero. Las v\u00edctimas se desempe\u00f1aban como int\u00e9rpretes de lengua de se\u00f1as en el sector p\u00fablico en Michoac\u00e1n. La captura se realiz\u00f3 en la colonia Doctores, alcald\u00eda Cuauht\u00e9moc, en la Ciudad de M\u00e9xico, en cumplimiento de una orden de aprehensi\u00f3n emitida por un juez de control. La Fiscal\u00eda indic\u00f3 que la detenci\u00f3n [&hellip;]<\/p>\n","protected":false},"author":2,"featured_media":193574,"comment_status":"closed","ping_status":"closed","sticky":false,"template":"","format":"standard","meta":{"_monsterinsights_skip_tracking":false,"_monsterinsights_sitenote_active":false,"_monsterinsights_sitenote_note":"","_monsterinsights_sitenote_category":0,"footnotes":""},"categories":[46],"tags":[],"class_list":["post-193573","post","type-post","status-publish","format-standard","has-post-thumbnail","hentry","category-nacional","post--single"],"_links":{"self":[{"href":"https:\/\/canal7slp.tv\/2026\/wp-json\/wp\/v2\/posts\/193573","targetHints":{"allow":["GET"]}}],"collection":[{"href":"https:\/\/canal7slp.tv\/2026\/wp-json\/wp\/v2\/posts"}],"about":[{"href":"https:\/\/canal7slp.tv\/2026\/wp-json\/wp\/v2\/types\/post"}],"author":[{"embeddable":true,"href":"https:\/\/canal7slp.tv\/2026\/wp-json\/wp\/v2\/users\/2"}],"replies":[{"embeddable":true,"href":"https:\/\/canal7slp.tv\/2026\/wp-json\/wp\/v2\/comments?post=193573"}],"version-history":[{"count":1,"href":"https:\/\/canal7slp.tv\/2026\/wp-json\/wp\/v2\/posts\/193573\/revisions"}],"predecessor-version":[{"id":193575,"href":"https:\/\/canal7slp.tv\/2026\/wp-json\/wp\/v2\/posts\/193573\/revisions\/193575"}],"wp:featuredmedia":[{"embeddable":true,"href":"https:\/\/canal7slp.tv\/2026\/wp-json\/wp\/v2\/media\/193574"}],"wp:attachment":[{"href":"https:\/\/canal7slp.tv\/2026\/wp-json\/wp\/v2\/media?parent=193573"}],"wp:term":[{"taxonomy":"category","embeddable":true,"href":"https:\/\/canal7slp.tv\/2026\/wp-json\/wp\/v2\/categories?post=193573"},{"taxonomy":"post_tag","embeddable":true,"href":"https:\/\/canal7slp.tv\/2026\/wp-json\/wp\/v2\/tags?post=193573"}],"curies":[{"name":"wp","href":"https:\/\/api.w.org\/{rel}","templated":true}]}}