{"id":193558,"date":"2026-02-18T14:32:37","date_gmt":"2026-02-18T20:32:37","guid":{"rendered":"https:\/\/canal7slp.tv\/2026\/?p=193558"},"modified":"2026-02-18T14:32:37","modified_gmt":"2026-02-18T20:32:37","slug":"joss-garfias-firma-en-la-formula-3","status":"publish","type":"post","link":"https:\/\/canal7slp.tv\/2026\/joss-garfias-firma-en-la-formula-3\/","title":{"rendered":"Joss Garfias firma en la F\u00f3rmula 3"},"content":{"rendered":"<p style=\"text-align: justify;\">SLP.- El piloto potosino Joss Garfias ha confirmado su llegada a la f\u00f3rmula 3 al firmar de manera oficial con el PREMA Racing.<\/p>\n<p style=\"text-align: justify;\">El formato de la F\u00f3rmula 3 se compone de un fin de semana de competici\u00f3n, generalmente junto a la F\u00f3rmula 1, este incluye 45 minutos de entrenamientos libres, una sesi\u00f3n de clasificaci\u00f3n de media hora el viernes, una carrera sprint el s\u00e1bado y una carrera principal el domingo.<\/p>\n<p style=\"text-align: justify;\">Garfias tuvo su primera toma de contacto con la categor\u00eda el a\u00f1o pasado, cuando debut\u00f3 en el circuito de Catalu\u00f1a en Barcelona, ahora el mexicano tendr\u00e1 participaci\u00f3n en la temporada completa de la F\u00f3rmula 3.<\/p>\n<p style=\"text-align: justify;\">Prema Racing, es una escuder\u00eda de automovilismo italiana fundada en el a\u00f1o 1983, es considerada como la escuder\u00eda de monoplazas m\u00e1s prestigiosa compitiendo en categor\u00edas promocionales de F\u00f3rmula 1.<\/p>\n","protected":false},"excerpt":{"rendered":"<p>SLP.- El piloto potosino Joss Garfias ha confirmado su llegada a la f\u00f3rmula 3 al firmar de manera oficial con el PREMA Racing. El formato de la F\u00f3rmula 3 se compone de un fin de semana de competici\u00f3n, generalmente junto a la F\u00f3rmula 1, este incluye 45 minutos de entrenamientos libres, una sesi\u00f3n de clasificaci\u00f3n de media hora el viernes, una carrera sprint el s\u00e1bado y una carrera principal el domingo. Garfias tuvo su primera toma de contacto con la categor\u00eda el a\u00f1o pasado, cuando debut\u00f3 en el circuito de Catalu\u00f1a en Barcelona, ahora el mexicano tendr\u00e1 participaci\u00f3n en la [&hellip;]<\/p>\n","protected":false},"author":2,"featured_media":193560,"comment_status":"closed","ping_status":"closed","sticky":false,"template":"","format":"video","meta":{"_monsterinsights_skip_tracking":false,"_monsterinsights_sitenote_active":false,"_monsterinsights_sitenote_note":"","_monsterinsights_sitenote_category":0,"footnotes":""},"categories":[7,5],"tags":[],"class_list":["post-193558","post","type-post","status-publish","format-video","has-post-thumbnail","hentry","category-deportes","category-destacadas","post_format-post-format-video","post--single"],"_links":{"self":[{"href":"https:\/\/canal7slp.tv\/2026\/wp-json\/wp\/v2\/posts\/193558","targetHints":{"allow":["GET"]}}],"collection":[{"href":"https:\/\/canal7slp.tv\/2026\/wp-json\/wp\/v2\/posts"}],"about":[{"href":"https:\/\/canal7slp.tv\/2026\/wp-json\/wp\/v2\/types\/post"}],"author":[{"embeddable":true,"href":"https:\/\/canal7slp.tv\/2026\/wp-json\/wp\/v2\/users\/2"}],"replies":[{"embeddable":true,"href":"https:\/\/canal7slp.tv\/2026\/wp-json\/wp\/v2\/comments?post=193558"}],"version-history":[{"count":1,"href":"https:\/\/canal7slp.tv\/2026\/wp-json\/wp\/v2\/posts\/193558\/revisions"}],"predecessor-version":[{"id":193561,"href":"https:\/\/canal7slp.tv\/2026\/wp-json\/wp\/v2\/posts\/193558\/revisions\/193561"}],"wp:featuredmedia":[{"embeddable":true,"href":"https:\/\/canal7slp.tv\/2026\/wp-json\/wp\/v2\/media\/193560"}],"wp:attachment":[{"href":"https:\/\/canal7slp.tv\/2026\/wp-json\/wp\/v2\/media?parent=193558"}],"wp:term":[{"taxonomy":"category","embeddable":true,"href":"https:\/\/canal7slp.tv\/2026\/wp-json\/wp\/v2\/categories?post=193558"},{"taxonomy":"post_tag","embeddable":true,"href":"https:\/\/canal7slp.tv\/2026\/wp-json\/wp\/v2\/tags?post=193558"}],"curies":[{"name":"wp","href":"https:\/\/api.w.org\/{rel}","templated":true}]}}