{"id":193509,"date":"2026-02-17T20:39:48","date_gmt":"2026-02-18T02:39:48","guid":{"rendered":"https:\/\/canal7slp.tv\/2026\/?p=193509"},"modified":"2026-02-17T20:39:48","modified_gmt":"2026-02-18T02:39:48","slug":"san-luis-potosi-sera-sede-del-xv-congreso-nacional-juvenil-misionero","status":"publish","type":"post","link":"https:\/\/canal7slp.tv\/2026\/san-luis-potosi-sera-sede-del-xv-congreso-nacional-juvenil-misionero\/","title":{"rendered":"San Luis Potos\u00ed sera sede del XV Congreso Nacional Juvenil Misionero"},"content":{"rendered":"<p style=\"text-align: justify;\"><span style=\"font-size: 1.21429rem;\">SLP.- Del 23 al 26 de Julio de este a\u00f1o San Luis Potos\u00ed ser\u00e1 sede del XV Congreso Nacional Juvenil Misionero y que se llevar\u00e1 a cabo en el Centro de Negocios Potos\u00ed.<\/span><\/p>\n<p style=\"text-align: justify;\">En rueda de prensa conjunta encabezada por el Arzobispo Jorge Alberto Cavazos Arizpe se dio a conocer que bajo el lema \u201cCon Mar\u00eda de la Expectaci\u00f3n, j\u00f3venes llevando esperanza con la Misi\u00f3n\u201d, se dio a conocer que este congreso convoca a todos los j\u00f3venes de la Iglesia en M\u00e9xico a la pastoral Juvenil y a los diversos movimientos y expresiones juveniles, a vivir un encuentro formativo que impulse su esp\u00edritu misionero.<\/p>\n<p style=\"text-align: justify;\">Destacaron que a este evento misionero se espera la asistencia de aproximadamente 10 mil personas que llegar\u00e1n de diversos estados de la rep\u00fablica, y que busca que los j\u00f3venes fortalezcan su identidad como disc\u00edpulos misioneros pero tambi\u00e9n como protagonistas activos en la transformaci\u00f3n de la sociedad.<\/p>\n<p>Por: Claudio Ibarra<\/p>\n","protected":false},"excerpt":{"rendered":"<p>SLP.- Del 23 al 26 de Julio de este a\u00f1o San Luis Potos\u00ed ser\u00e1 sede del XV Congreso Nacional Juvenil Misionero y que se llevar\u00e1 a cabo en el Centro de Negocios Potos\u00ed. En rueda de prensa conjunta encabezada por el Arzobispo Jorge Alberto Cavazos Arizpe se dio a conocer que bajo el lema \u201cCon Mar\u00eda de la Expectaci\u00f3n, j\u00f3venes llevando esperanza con la Misi\u00f3n\u201d, se dio a conocer que este congreso convoca a todos los j\u00f3venes de la Iglesia en M\u00e9xico a la pastoral Juvenil y a los diversos movimientos y expresiones juveniles, a vivir un encuentro formativo que [&hellip;]<\/p>\n","protected":false},"author":2,"featured_media":193521,"comment_status":"closed","ping_status":"closed","sticky":false,"template":"","format":"video","meta":{"_monsterinsights_skip_tracking":false,"_monsterinsights_sitenote_active":false,"_monsterinsights_sitenote_note":"","_monsterinsights_sitenote_category":0,"footnotes":""},"categories":[5,45],"tags":[],"class_list":["post-193509","post","type-post","status-publish","format-video","has-post-thumbnail","hentry","category-destacadas","category-localesyregionales","post_format-post-format-video","post--single"],"_links":{"self":[{"href":"https:\/\/canal7slp.tv\/2026\/wp-json\/wp\/v2\/posts\/193509","targetHints":{"allow":["GET"]}}],"collection":[{"href":"https:\/\/canal7slp.tv\/2026\/wp-json\/wp\/v2\/posts"}],"about":[{"href":"https:\/\/canal7slp.tv\/2026\/wp-json\/wp\/v2\/types\/post"}],"author":[{"embeddable":true,"href":"https:\/\/canal7slp.tv\/2026\/wp-json\/wp\/v2\/users\/2"}],"replies":[{"embeddable":true,"href":"https:\/\/canal7slp.tv\/2026\/wp-json\/wp\/v2\/comments?post=193509"}],"version-history":[{"count":2,"href":"https:\/\/canal7slp.tv\/2026\/wp-json\/wp\/v2\/posts\/193509\/revisions"}],"predecessor-version":[{"id":193523,"href":"https:\/\/canal7slp.tv\/2026\/wp-json\/wp\/v2\/posts\/193509\/revisions\/193523"}],"wp:featuredmedia":[{"embeddable":true,"href":"https:\/\/canal7slp.tv\/2026\/wp-json\/wp\/v2\/media\/193521"}],"wp:attachment":[{"href":"https:\/\/canal7slp.tv\/2026\/wp-json\/wp\/v2\/media?parent=193509"}],"wp:term":[{"taxonomy":"category","embeddable":true,"href":"https:\/\/canal7slp.tv\/2026\/wp-json\/wp\/v2\/categories?post=193509"},{"taxonomy":"post_tag","embeddable":true,"href":"https:\/\/canal7slp.tv\/2026\/wp-json\/wp\/v2\/tags?post=193509"}],"curies":[{"name":"wp","href":"https:\/\/api.w.org\/{rel}","templated":true}]}}