{"id":193507,"date":"2026-02-17T20:30:19","date_gmt":"2026-02-18T02:30:19","guid":{"rendered":"https:\/\/canal7slp.tv\/2026\/?p=193507"},"modified":"2026-02-17T20:30:19","modified_gmt":"2026-02-18T02:30:19","slug":"ley-mordaza-en-la-sege-por-el-tema-del-sarampion-afirma-el-gobernador-del-estado","status":"publish","type":"post","link":"https:\/\/canal7slp.tv\/2026\/ley-mordaza-en-la-sege-por-el-tema-del-sarampion-afirma-el-gobernador-del-estado\/","title":{"rendered":"Ley Mordaza en la SEGE por el tema del sarampi\u00f3n, afirma el gobernador del estado"},"content":{"rendered":"<p style=\"text-align: justify;\"><span style=\"font-size: 1.21429rem;\">SLP.- En torno a una circular interna en las oficinas de la secretar\u00eda de Educaci\u00f3n del gobierno del Estado y que se interpret\u00f3 como ley mordaza, ya que en ella se proh\u00edbe al personal dar cualquier tipo de informaci\u00f3n y que solo su titular, Juan Carlos Torres, es el \u00fanico autorizado el gobernador Ricardo Gallardo reconoci\u00f3 la existencia de este ordenamiento.<\/span><\/p>\n<p style=\"text-align: justify;\">Sin embargo, afirm\u00f3 que esta medida fue girada porque busca evitar que haya alarma y desinformaci\u00f3n en el tema del sarampi\u00f3n.<\/p>\n<p style=\"text-align: justify;\">Reiter\u00f3 que esta disposici\u00f3n no pretende limitar a los maestros sino evitar que se difunda informaci\u00f3n que carezca de sustento en el tema del sarampi\u00f3n, y que pudiera generar confusi\u00f3n y alarma.<\/p>\n<p style=\"text-align: justify;\">Asimismo, el mandatario estatal se pronunci\u00f3 porque la secretar\u00eda de Educaci\u00f3n sancione a escuelas particulares que sean omisas en el tema del bullying, al decir que esta problem\u00e1tica se da m\u00e1s en las escuelas privadas que en los planteles p\u00fablicos.<\/p>\n<p>Por: Claudio Ibarra<\/p>\n","protected":false},"excerpt":{"rendered":"<p>SLP.- En torno a una circular interna en las oficinas de la secretar\u00eda de Educaci\u00f3n del gobierno del Estado y que se interpret\u00f3 como ley mordaza, ya que en ella se proh\u00edbe al personal dar cualquier tipo de informaci\u00f3n y que solo su titular, Juan Carlos Torres, es el \u00fanico autorizado el gobernador Ricardo Gallardo reconoci\u00f3 la existencia de este ordenamiento. Sin embargo, afirm\u00f3 que esta medida fue girada porque busca evitar que haya alarma y desinformaci\u00f3n en el tema del sarampi\u00f3n. Reiter\u00f3 que esta disposici\u00f3n no pretende limitar a los maestros sino evitar que se difunda informaci\u00f3n que carezca [&hellip;]<\/p>\n","protected":false},"author":2,"featured_media":193516,"comment_status":"closed","ping_status":"closed","sticky":false,"template":"","format":"video","meta":{"_monsterinsights_skip_tracking":false,"_monsterinsights_sitenote_active":false,"_monsterinsights_sitenote_note":"","_monsterinsights_sitenote_category":0,"footnotes":""},"categories":[5,510,45],"tags":[],"class_list":["post-193507","post","type-post","status-publish","format-video","has-post-thumbnail","hentry","category-destacadas","category-gobedoslp","category-localesyregionales","post_format-post-format-video","post--single"],"_links":{"self":[{"href":"https:\/\/canal7slp.tv\/2026\/wp-json\/wp\/v2\/posts\/193507","targetHints":{"allow":["GET"]}}],"collection":[{"href":"https:\/\/canal7slp.tv\/2026\/wp-json\/wp\/v2\/posts"}],"about":[{"href":"https:\/\/canal7slp.tv\/2026\/wp-json\/wp\/v2\/types\/post"}],"author":[{"embeddable":true,"href":"https:\/\/canal7slp.tv\/2026\/wp-json\/wp\/v2\/users\/2"}],"replies":[{"embeddable":true,"href":"https:\/\/canal7slp.tv\/2026\/wp-json\/wp\/v2\/comments?post=193507"}],"version-history":[{"count":3,"href":"https:\/\/canal7slp.tv\/2026\/wp-json\/wp\/v2\/posts\/193507\/revisions"}],"predecessor-version":[{"id":193517,"href":"https:\/\/canal7slp.tv\/2026\/wp-json\/wp\/v2\/posts\/193507\/revisions\/193517"}],"wp:featuredmedia":[{"embeddable":true,"href":"https:\/\/canal7slp.tv\/2026\/wp-json\/wp\/v2\/media\/193516"}],"wp:attachment":[{"href":"https:\/\/canal7slp.tv\/2026\/wp-json\/wp\/v2\/media?parent=193507"}],"wp:term":[{"taxonomy":"category","embeddable":true,"href":"https:\/\/canal7slp.tv\/2026\/wp-json\/wp\/v2\/categories?post=193507"},{"taxonomy":"post_tag","embeddable":true,"href":"https:\/\/canal7slp.tv\/2026\/wp-json\/wp\/v2\/tags?post=193507"}],"curies":[{"name":"wp","href":"https:\/\/api.w.org\/{rel}","templated":true}]}}