{"id":193488,"date":"2026-02-17T17:19:30","date_gmt":"2026-02-17T23:19:30","guid":{"rendered":"https:\/\/canal7slp.tv\/2026\/?p=193488"},"modified":"2026-02-17T17:19:30","modified_gmt":"2026-02-17T23:19:30","slug":"con-la-cuaresma-en-puerta-se-impulsa-venta-de-pescados-y-mariscos-en-slp","status":"publish","type":"post","link":"https:\/\/canal7slp.tv\/2026\/con-la-cuaresma-en-puerta-se-impulsa-venta-de-pescados-y-mariscos-en-slp\/","title":{"rendered":"Con la Cuaresma en puerta, se impulsa venta de pescados y mariscos en SLP"},"content":{"rendered":"<p style=\"text-align: justify;\">SLP.- La Cuaresma es un periodo importante del calendario cristiano que invita a la reflexi\u00f3n, la preparaci\u00f3n espiritual y el cambio personal.<\/p>\n<p style=\"text-align: justify;\">Es una etapa que antecede a la Semana Santa y a la Pascua y est\u00e1 muy vinculada a la tradici\u00f3n de la Iglesia cat\u00f3lica.<\/p>\n<p style=\"text-align: justify;\">La fecha marca el inicio oficial de este tiempo lit\u00fargico y suele ir acompa\u00f1ada de ayuno y abstinencia a comer carne roja, es por ello que la venta de pescados y mariscos se eleva.<\/p>\n<p style=\"text-align: justify;\">\u201cS\u00ed porque es una tradici\u00f3n que trae uno de los abuelos bisabuelos, los padres, tengo 50 a\u00f1os de casado y la llevo a cabo, mi familia y mis nietos, es esa tradici\u00f3n que hay\u201d.<\/p>\n<p style=\"text-align: justify;\">Y es que es necesario mantener las tradiciones.<\/p>\n<p style=\"text-align: justify;\">\u201cPues es que dentro de las tradiciones que hay que no se deben de perder, es mucho muy fundamental que no se pierdan estas tradiciones porque de por s\u00ed, la juventud est\u00e1 medio descarriada\u201d.<\/p>\n<p style=\"text-align: justify;\">Entre los productos que m\u00e1s se consumen est\u00e1 el surimi, la mojarra, el osti\u00f3n, el pulpo, el medall\u00f3n de at\u00fan, el filete de basa, el camar\u00f3n en sus diversas variantes, todo producto ya goz\u00f3 de un alza en su venta.<\/p>\n<p style=\"text-align: justify;\">\u201cS\u00ed ahorita ya empieza a subir un poquito m\u00e1s, yo creo que a lo mejor el doble no, pero s\u00ed ya m\u00e1s (\u2026) ahorita casi la mayor\u00eda s\u00ed se vende (\u2026) filete de tilapia, de mero, r\u00f3balo y camar\u00f3n de pacotilla que es para coctel\u201d.<\/p>\n<p style=\"text-align: justify;\">En 2026, la Cuaresma comienza el mi\u00e9rcoles 18 de febrero, conocido como Mi\u00e9rcoles de Ceniza cuando los fieles reciben una cruz de ceniza en la frente como s\u00edmbolo de humildad y arrepentimiento.<\/p>\n<p>Por: Juan Carlos Contreras<\/p>\n","protected":false},"excerpt":{"rendered":"<p>SLP.- La Cuaresma es un periodo importante del calendario cristiano que invita a la reflexi\u00f3n, la preparaci\u00f3n espiritual y el cambio personal. Es una etapa que antecede a la Semana Santa y a la Pascua y est\u00e1 muy vinculada a la tradici\u00f3n de la Iglesia cat\u00f3lica. La fecha marca el inicio oficial de este tiempo lit\u00fargico y suele ir acompa\u00f1ada de ayuno y abstinencia a comer carne roja, es por ello que la venta de pescados y mariscos se eleva. \u201cS\u00ed porque es una tradici\u00f3n que trae uno de los abuelos bisabuelos, los padres, tengo 50 a\u00f1os de casado y [&hellip;]<\/p>\n","protected":false},"author":2,"featured_media":193496,"comment_status":"closed","ping_status":"closed","sticky":false,"template":"","format":"video","meta":{"_monsterinsights_skip_tracking":false,"_monsterinsights_sitenote_active":false,"_monsterinsights_sitenote_note":"","_monsterinsights_sitenote_category":0,"footnotes":""},"categories":[5,45],"tags":[],"class_list":["post-193488","post","type-post","status-publish","format-video","has-post-thumbnail","hentry","category-destacadas","category-localesyregionales","post_format-post-format-video","post--single"],"_links":{"self":[{"href":"https:\/\/canal7slp.tv\/2026\/wp-json\/wp\/v2\/posts\/193488","targetHints":{"allow":["GET"]}}],"collection":[{"href":"https:\/\/canal7slp.tv\/2026\/wp-json\/wp\/v2\/posts"}],"about":[{"href":"https:\/\/canal7slp.tv\/2026\/wp-json\/wp\/v2\/types\/post"}],"author":[{"embeddable":true,"href":"https:\/\/canal7slp.tv\/2026\/wp-json\/wp\/v2\/users\/2"}],"replies":[{"embeddable":true,"href":"https:\/\/canal7slp.tv\/2026\/wp-json\/wp\/v2\/comments?post=193488"}],"version-history":[{"count":2,"href":"https:\/\/canal7slp.tv\/2026\/wp-json\/wp\/v2\/posts\/193488\/revisions"}],"predecessor-version":[{"id":193505,"href":"https:\/\/canal7slp.tv\/2026\/wp-json\/wp\/v2\/posts\/193488\/revisions\/193505"}],"wp:featuredmedia":[{"embeddable":true,"href":"https:\/\/canal7slp.tv\/2026\/wp-json\/wp\/v2\/media\/193496"}],"wp:attachment":[{"href":"https:\/\/canal7slp.tv\/2026\/wp-json\/wp\/v2\/media?parent=193488"}],"wp:term":[{"taxonomy":"category","embeddable":true,"href":"https:\/\/canal7slp.tv\/2026\/wp-json\/wp\/v2\/categories?post=193488"},{"taxonomy":"post_tag","embeddable":true,"href":"https:\/\/canal7slp.tv\/2026\/wp-json\/wp\/v2\/tags?post=193488"}],"curies":[{"name":"wp","href":"https:\/\/api.w.org\/{rel}","templated":true}]}}