{"id":193482,"date":"2026-02-17T15:18:57","date_gmt":"2026-02-17T21:18:57","guid":{"rendered":"https:\/\/canal7slp.tv\/2026\/?p=193482"},"modified":"2026-02-17T15:18:57","modified_gmt":"2026-02-17T21:18:57","slug":"el-cpi-autoriza-el-regreso-de-rusia-y-bielorrusia-a-los-juegos-paralimpicos-con-bandera-propia","status":"publish","type":"post","link":"https:\/\/canal7slp.tv\/2026\/el-cpi-autoriza-el-regreso-de-rusia-y-bielorrusia-a-los-juegos-paralimpicos-con-bandera-propia\/","title":{"rendered":"El CPI autoriza el regreso de Rusia y Bielorrusia a los Juegos Paral\u00edmpicos con bandera propia"},"content":{"rendered":"<p style=\"text-align: justify;\">Bonn.- El Comit\u00e9 Paral\u00edmpico Internacional (CPI) confirm\u00f3 que seis deportistas rusos y cuatro bielorrusos podr\u00e1n competir bajo las banderas de sus respectivos pa\u00edses en los Juegos Paral\u00edmpicos de Invierno Milano-Cortina 2026, que se celebrar\u00e1n del 6 al 15 de marzo.<\/p>\n<p style=\"text-align: justify;\">La decisi\u00f3n, anunciada el 17 de febrero, representa un paso importante en la reintegraci\u00f3n de ambas naciones al movimiento paral\u00edmpico, luego de haber sido excluidas del \u00e1mbito deportivo internacional tras la invasi\u00f3n de Ucrania en 2022.<\/p>\n<p style=\"text-align: justify;\">Craig Spence, portavoz del CPI, se\u00f1al\u00f3 que los atletas de Rusia y Bielorrusia ser\u00e1n tratados en igualdad de condiciones respecto a los competidores de otros pa\u00edses. Esta medida da continuidad a la suspensi\u00f3n parcial levantada en septiembre pasado, cuando se permiti\u00f3 a algunos deportistas participar bajo bandera neutral, tras la prohibici\u00f3n total impuesta al inicio del conflicto.<\/p>\n<p style=\"text-align: justify;\">En el caso de Rusia, el Comit\u00e9 Paral\u00edmpico Ruso (RPC) recibi\u00f3 seis plazas para competir en tres disciplinas: esqu\u00ed alpino, esqu\u00ed de fondo y snowboard. Entre los seleccionados destaca Alexei Bugaev, esquiador alpino y triple campe\u00f3n paral\u00edmpico.<\/p>\n","protected":false},"excerpt":{"rendered":"<p>Bonn.- El Comit\u00e9 Paral\u00edmpico Internacional (CPI) confirm\u00f3 que seis deportistas rusos y cuatro bielorrusos podr\u00e1n competir bajo las banderas de sus respectivos pa\u00edses en los Juegos Paral\u00edmpicos de Invierno Milano-Cortina 2026, que se celebrar\u00e1n del 6 al 15 de marzo. La decisi\u00f3n, anunciada el 17 de febrero, representa un paso importante en la reintegraci\u00f3n de ambas naciones al movimiento paral\u00edmpico, luego de haber sido excluidas del \u00e1mbito deportivo internacional tras la invasi\u00f3n de Ucrania en 2022. Craig Spence, portavoz del CPI, se\u00f1al\u00f3 que los atletas de Rusia y Bielorrusia ser\u00e1n tratados en igualdad de condiciones respecto a los competidores de [&hellip;]<\/p>\n","protected":false},"author":2,"featured_media":193483,"comment_status":"closed","ping_status":"closed","sticky":false,"template":"","format":"standard","meta":{"_monsterinsights_skip_tracking":false,"_monsterinsights_sitenote_active":false,"_monsterinsights_sitenote_note":"","_monsterinsights_sitenote_category":0,"footnotes":""},"categories":[7,44],"tags":[],"class_list":["post-193482","post","type-post","status-publish","format-standard","has-post-thumbnail","hentry","category-deportes","category-internacional","post--single"],"_links":{"self":[{"href":"https:\/\/canal7slp.tv\/2026\/wp-json\/wp\/v2\/posts\/193482","targetHints":{"allow":["GET"]}}],"collection":[{"href":"https:\/\/canal7slp.tv\/2026\/wp-json\/wp\/v2\/posts"}],"about":[{"href":"https:\/\/canal7slp.tv\/2026\/wp-json\/wp\/v2\/types\/post"}],"author":[{"embeddable":true,"href":"https:\/\/canal7slp.tv\/2026\/wp-json\/wp\/v2\/users\/2"}],"replies":[{"embeddable":true,"href":"https:\/\/canal7slp.tv\/2026\/wp-json\/wp\/v2\/comments?post=193482"}],"version-history":[{"count":1,"href":"https:\/\/canal7slp.tv\/2026\/wp-json\/wp\/v2\/posts\/193482\/revisions"}],"predecessor-version":[{"id":193484,"href":"https:\/\/canal7slp.tv\/2026\/wp-json\/wp\/v2\/posts\/193482\/revisions\/193484"}],"wp:featuredmedia":[{"embeddable":true,"href":"https:\/\/canal7slp.tv\/2026\/wp-json\/wp\/v2\/media\/193483"}],"wp:attachment":[{"href":"https:\/\/canal7slp.tv\/2026\/wp-json\/wp\/v2\/media?parent=193482"}],"wp:term":[{"taxonomy":"category","embeddable":true,"href":"https:\/\/canal7slp.tv\/2026\/wp-json\/wp\/v2\/categories?post=193482"},{"taxonomy":"post_tag","embeddable":true,"href":"https:\/\/canal7slp.tv\/2026\/wp-json\/wp\/v2\/tags?post=193482"}],"curies":[{"name":"wp","href":"https:\/\/api.w.org\/{rel}","templated":true}]}}